{"id":1006,"date":"2011-06-09T07:45:54","date_gmt":"2011-06-09T07:45:54","guid":{"rendered":"https:\/\/www.minicity.it\/blog\/?p=1006"},"modified":"2011-06-09T07:45:54","modified_gmt":"2011-06-09T07:45:54","slug":"un-sirenetto-beffardo-per-promuovere-bellaria-igea-marina","status":"publish","type":"post","link":"https:\/\/www.minicity.it\/blog\/2011\/06\/un-sirenetto-beffardo-per-promuovere-bellaria-igea-marina\/","title":{"rendered":"Un Sirenetto Beffardo per promuovere Bellaria Igea Marina"},"content":{"rendered":"<p>Per l&#8217;estate 2011, la citt\u00e0 di bellaria sceglie l&#8217;artista cesenate, Nicol\u00f2 Reali in arte G\u00f6la per il proprio logo&#8230;<\/p>\n<p><strong><a href=\"https:\/\/www.minicity.it\/blog\/wp-content\/uploads\/2011\/06\/logobellaria2011.jpg\"><img loading=\"lazy\" decoding=\"async\" class=\"alignleft size-full wp-image-1011\" title=\"logobellaria2011\" src=\"https:\/\/www.minicity.it\/blog\/wp-content\/uploads\/2011\/06\/logobellaria2011.jpg\" alt=\"\" width=\"200\" height=\"200\" \/><\/a>BELLARIA IGEA MARINA.<\/strong> Il logo che rappresenter\u00e0 la citt\u00e0 sar\u00e0 un sirenetto beffardo, dove l&#8217;artista descrive la propria creazione in questo modo:<\/p>\n<blockquote><p>L&#8217;immagine che propongo \u00e8 una visione della vivacit\u00e0 ammiccante che caratterizza la vita di un paese di mare come Bellaria Igea Marina durante il periodo estivo. Una figura chimerica dal manto arcobaleno, un sirenetto beffardo che ha perso la bussola e si serve di un boccaglio per poter respirare nel suo habitat naturale. Ci\u00f2 nonostante ti guarda dritto, ti strizza un occhio e ti invita.<\/p><\/blockquote>\n<p>G\u00f6la continua col dire che la sua scelta si \u00e8 basata anche per riprendere le pitture murali realizzate sulle pareti della stazione di Bellaria assieme a Kalie.<\/p>\n<p>Verdebl\u00f9 ha scelto un artista del posto per fa conoscere i propri artisti locali.<\/p>\n","protected":false},"excerpt":{"rendered":"<p>Per l&rsquo;estate 2011, la citt&agrave; di bellaria sceglie l&rsquo;artista cesenate, Nicol&ograve; Reali in arte G&ouml;la per il proprio logo&hellip; BELLARIA IGEA MARINA. Il logo che rappresenter&agrave; la citt&agrave; sar&agrave; un sirenetto beffardo, dove l&rsquo;artista descrive la propria creazione in questo modo: L&rsquo;immagine che propongo &egrave; una visione della vivacit&agrave; ammiccante che caratterizza la vita di &#8230;<a class=\"post-readmore\" href=\"https:\/\/www.minicity.it\/blog\/2011\/06\/un-sirenetto-beffardo-per-promuovere-bellaria-igea-marina\/\">read more<\/a><\/p>\n","protected":false},"author":1,"featured_media":0,"comment_status":"open","ping_status":"open","sticky":false,"template":"","format":"standard","meta":{"footnotes":""},"categories":[3],"tags":[37,5],"class_list":["post-1006","post","type-post","status-publish","format-standard","hentry","category-turismo","tag-cattolica","tag-notizie"],"aioseo_notices":[],"_links":{"self":[{"href":"https:\/\/www.minicity.it\/blog\/wp-json\/wp\/v2\/posts\/1006","targetHints":{"allow":["GET"]}}],"collection":[{"href":"https:\/\/www.minicity.it\/blog\/wp-json\/wp\/v2\/posts"}],"about":[{"href":"https:\/\/www.minicity.it\/blog\/wp-json\/wp\/v2\/types\/post"}],"author":[{"embeddable":true,"href":"https:\/\/www.minicity.it\/blog\/wp-json\/wp\/v2\/users\/1"}],"replies":[{"embeddable":true,"href":"https:\/\/www.minicity.it\/blog\/wp-json\/wp\/v2\/comments?post=1006"}],"version-history":[{"count":0,"href":"https:\/\/www.minicity.it\/blog\/wp-json\/wp\/v2\/posts\/1006\/revisions"}],"wp:attachment":[{"href":"https:\/\/www.minicity.it\/blog\/wp-json\/wp\/v2\/media?parent=1006"}],"wp:term":[{"taxonomy":"category","embeddable":true,"href":"https:\/\/www.minicity.it\/blog\/wp-json\/wp\/v2\/categories?post=1006"},{"taxonomy":"post_tag","embeddable":true,"href":"https:\/\/www.minicity.it\/blog\/wp-json\/wp\/v2\/tags?post=1006"}],"curies":[{"name":"wp","href":"https:\/\/api.w.org\/{rel}","templated":true}]}}