{"id":1015,"date":"2011-06-09T11:23:26","date_gmt":"2011-06-09T11:23:26","guid":{"rendered":"https:\/\/www.minicity.it\/blog\/?p=1015"},"modified":"2011-06-09T11:23:26","modified_gmt":"2011-06-09T11:23:26","slug":"premio-giornalistico-televisivo-ilaria-alpi-a-riccione","status":"publish","type":"post","link":"https:\/\/www.minicity.it\/blog\/2011\/06\/premio-giornalistico-televisivo-ilaria-alpi-a-riccione\/","title":{"rendered":"Premio Giornalistico Televisivo Ilaria Alpi a Riccione"},"content":{"rendered":"<p><a href=\"https:\/\/www.minicity.it\/blog\/wp-content\/uploads\/2011\/06\/premio-alpi-2011.jpg\"><img loading=\"lazy\" decoding=\"async\" class=\"alignleft size-full wp-image-1016\" title=\"premio-alpi-2011\" src=\"https:\/\/www.minicity.it\/blog\/wp-content\/uploads\/2011\/06\/premio-alpi-2011.jpg\" alt=\"\" width=\"150\" height=\"453\" \/><\/a>Le migliori firme del giornalismo ricordano il coraggio di Ilaria. Dal <strong>15 giugno a Riccione<\/strong>, torna la diciassettesima edizione del <strong>Premio giornalistico televisivo Ilaria Alpi<\/strong>, la manifestazione dedicata alla giornalista Rai uccisa in Somalia nel 1994. Oltre 270 i video in concorso.<\/p>\n<p>In  programma incontri con le migliori firme del giornalismo, mostre,  spettacoli, la lectio magistralis di Demetrio Volcic, \u201caperitiv\u00f9\u201d al  tramonto e alla sera l\u2019intrattenimento di \u201cAnno Zoro\u201d con Diego Bianchi e  Sandro Ruotolo. Il 18 giugno le premiazioni delle migliori inchieste  tv.<\/p>\n<p>Alla giovane reporter camerunense Agnes Taile il premio speciale UniCredit per il valore e il coraggio.<br \/>\nI fatti che hanno sconvolto il mondo arabo saranno al centro di questa  edizione del Premio. Ma c\u2019\u00e8 anche un motivo pi\u00f9 affettivo che lega il  Premio al nord Africa: il rapporto che Ilaria Alpi aveva con il mondo  arabo.<\/p>\n<p>Giunto alla <strong>diciassettesima edizione<\/strong>, il Premio Ilaria  Alpi torna per il secondo anno ad affacciarsi sul mare, all\u2019interno e  nei giardini di villa Mussolini, per portare la manifestazione tra la  gente e tra chi, anche in vacanza, non vuole perdere la voglia di  conoscere e approfondire.<\/p>\n<p>Tanti gli appuntamenti che animeranno Riccione nel corso della quattro giorni all\u2019insegna del \u201cgiornalismo-verit\u00e0\u201d.<\/p>\n<p><strong>Mercoled\u00ec 15<\/strong>, saranno l\u2019arte e lo spettacolo a dare il  via alla manifestazione, con l\u2019inaugurazione della mostra fotografica di  Fulvio Zubiani \u201cSomalia anno zero\u201d e dell\u2019installazione \u201cOpera al nero\u201d  di Alma Carrara, una riflessione sulla presenza (ma soprattutto  sull\u2019assenza) delle donne nel mondo del lavoro, nei quotidiani e nella  vita sociale italiana.<br \/>\nAlla sera, invece, va in scena \u201cAquae Mundi. L\u2019acqua \u00e8 un bene comune\u201d,  uno spettacolo teatrale di Daniele Biacchessi e Gaetano Liguori sui temi  del consumo critico e sostenibile.<br \/>\nA seguire, l\u2019appuntamento con l\u2019ironia tagliente di Diego \u2018Zoro\u2019  Bianchi, che insieme ad Antonio Sofi e a Sandro Ruotolo, proporranno  fino a venerd\u00ec il loro \u201cAnno Zoro\u201d: video, interviste e satira sui fatti  del giorno.<\/p>\n<p>Ma il Premio Ilaria Alpi sar\u00e0 soprattutto approfondimento, inchiesta e  riflessione, con incontri e dibattiti pubblici che vedranno protagonisti  giornalisti, magistrati, politici e rappresentanti della societ\u00e0  civile.<br \/>\nA fare da filo conduttore, la ricerca della verit\u00e0 e della giustizia  sull\u2019assassinio di Ilaria Alpi e Miran Hrovatin e sulle stragi che hanno  insanguinato il Paese (nella giornata di gioved\u00ec), ma anche i temi  d\u2019attualit\u00e0 con le rivolte dall\u2019Egitto alla Libia (nella serata di  venerd\u00ec) e l\u2019impegno del giornalismo in prima linea contro le  criminalit\u00e0 organizzate transnazionali, grazie anche al workshop di tre  giorni promosso dall\u2019associazione Ilaria Alpi in collaborazione con  Libera e con Flare Network, il \u201cbraccio\u201d europeo dell\u2019associazione  creata da don Luigi Ciotti.<\/p>\n<p>Tornano a Riccione anche gli \u201caperitiv\u00f9\u201d, gli incontri al tramonto su  tv, informazione, politica e satira, in cui Andrea Vianello incontra i  suoi ospiti in un\u2019atmosfera informale come un aperitivo al bar (venerd\u00ec  17 e sabato 18). In programma anche il convegno nazionale della Rete  degli archivi per non dimenticare (gioved\u00ec 16), un dibattito sulla  diffusione della criminalit\u00e0 nel nord Italia che sar\u00e0 preceduto da un  monologo dell\u2019attore \u201cantimafia\u201d Giulio Cavalli (sempre gioved\u00ec) e una  lezione magistrale di Demetrio Volcic, lo storico corrispondente Rai da  Mosca (venerd\u00ec 17).<\/p>\n<p>Il gran finale della manifestazione, <strong>sabato 18<\/strong>, con la  serata condotta da Tiziana Ferrario in cui saranno premiati i vincitori  della diciassettisima edizione del Premio Ilaria Alpi.<\/p>\n<p><a href=\"http:\/\/www.premioilariaalpi.it\"><strong>www.premioilariaalpi.it<\/strong><\/a><\/p>\n","protected":false},"excerpt":{"rendered":"<p>Le migliori firme del giornalismo ricordano il coraggio di Ilaria. Dal 15 giugno a Riccione, torna la diciassettesima edizione del Premio giornalistico televisivo Ilaria Alpi, la manifestazione dedicata alla giornalista Rai uccisa in Somalia nel 1994. Oltre 270 i video in concorso. In programma incontri con le migliori firme del giornalismo, mostre, spettacoli, la lectio &#8230;<a class=\"post-readmore\" href=\"https:\/\/www.minicity.it\/blog\/2011\/06\/premio-giornalistico-televisivo-ilaria-alpi-a-riccione\/\">read more<\/a><\/p>\n","protected":false},"author":1,"featured_media":0,"comment_status":"open","ping_status":"open","sticky":false,"template":"","format":"standard","meta":{"footnotes":""},"categories":[3],"tags":[33,34],"class_list":["post-1015","post","type-post","status-publish","format-standard","hentry","category-turismo","tag-eventi-riviera","tag-riccione"],"aioseo_notices":[],"_links":{"self":[{"href":"https:\/\/www.minicity.it\/blog\/wp-json\/wp\/v2\/posts\/1015","targetHints":{"allow":["GET"]}}],"collection":[{"href":"https:\/\/www.minicity.it\/blog\/wp-json\/wp\/v2\/posts"}],"about":[{"href":"https:\/\/www.minicity.it\/blog\/wp-json\/wp\/v2\/types\/post"}],"author":[{"embeddable":true,"href":"https:\/\/www.minicity.it\/blog\/wp-json\/wp\/v2\/users\/1"}],"replies":[{"embeddable":true,"href":"https:\/\/www.minicity.it\/blog\/wp-json\/wp\/v2\/comments?post=1015"}],"version-history":[{"count":0,"href":"https:\/\/www.minicity.it\/blog\/wp-json\/wp\/v2\/posts\/1015\/revisions"}],"wp:attachment":[{"href":"https:\/\/www.minicity.it\/blog\/wp-json\/wp\/v2\/media?parent=1015"}],"wp:term":[{"taxonomy":"category","embeddable":true,"href":"https:\/\/www.minicity.it\/blog\/wp-json\/wp\/v2\/categories?post=1015"},{"taxonomy":"post_tag","embeddable":true,"href":"https:\/\/www.minicity.it\/blog\/wp-json\/wp\/v2\/tags?post=1015"}],"curies":[{"name":"wp","href":"https:\/\/api.w.org\/{rel}","templated":true}]}}