{"id":1027,"date":"2011-06-10T09:51:15","date_gmt":"2011-06-10T09:51:15","guid":{"rendered":"https:\/\/www.minicity.it\/blog\/?p=1027"},"modified":"2011-06-10T09:51:15","modified_gmt":"2011-06-10T09:51:15","slug":"il-primo-centenario-di-milano-marittima","status":"publish","type":"post","link":"https:\/\/www.minicity.it\/blog\/2011\/06\/il-primo-centenario-di-milano-marittima\/","title":{"rendered":"Il primo centenario di Milano Marittima"},"content":{"rendered":"<p><strong><a href=\"https:\/\/www.minicity.it\/blog\/wp-content\/uploads\/2011\/06\/centenariomilanomarittima.jpg\"><img loading=\"lazy\" decoding=\"async\" class=\"alignleft size-full wp-image-1028\" title=\"centenariomilanomarittima\" src=\"https:\/\/www.minicity.it\/blog\/wp-content\/uploads\/2011\/06\/centenariomilanomarittima.jpg\" alt=\"\" width=\"200\" height=\"190\" \/><\/a>Il primo centenario di Milano Marittima<\/strong><\/p>\n<p>Cento anni fa, tra la fine del 1911 e l&#8217;inizio del 1912 nacque Milano Marittina, una delle localit\u00e0 oggi pi\u00f9 famose di tutta la Riviera Romagnola. Per evocare questo evento ci pensa un libro, \u201cMilano al Mare &#8211; Milano Marittima: 100 anni e il racconto di un sogno\u201d, della giornalista Letizia Magnani. La notissima frazione di Cervia \u00e8 nata da un&#8217;idea di alcuni cittadini milanesi che volevano costruirsi una casa nella pineta cervese.<\/p>\n<p>Il primo giugno 1911 a Milano nacque, a questo scopo, la &#8220;Societ\u00e0 Anonima Milano Marittima per lo sviluppo della spiaggia di Cervia&#8221;, che dar\u00e0 il via allo sviluppo urbano e turistico della localit\u00e0 romagnola. Il libro di Letizia Magnani si occupa di rintracciare i documenti, spesso inediti, le testimonianze e gli atti di questa storia. Chi faceva parte del primo comitato? Personalit\u00e0 di spicco della borghesia milanese come Alberto Redenti, Felice Bianchi, Giuseppe Galli, Aldo Tagliazucchi, il senatore Giovanni Facheris e il pittore Giuseppe Palanti. Ci volle un anno perch\u00e9 questa associazione arrivasse a firmare, con il Comune di Cervia, una convenzione con la quale quest&#8217;ultimo cedette le aree sulle quali successivamente costruire le dimore in questione. Per festeggiare quest&#8217;evento la citt\u00e0 e l&#8217;amministrazione si stanno preparando alla grande, con un calendario di eventi, feste e rassegne previsto per tutto il 2012.<\/p>\n<p>Intanto il primo giugno scorso, alla rotonda Primo Maggio, in pieno centro citt\u00e0, il sindaco Roberto Zoffoli e l&#8217;assessore alla Cultura Nevio Salimbeni, hanno presentato il logo del centenario e lo slogan.<\/p>\n","protected":false},"excerpt":{"rendered":"<p>Il primo centenario di Milano Marittima Cento anni fa, tra la fine del 1911 e l&rsquo;inizio del 1912 nacque Milano Marittina, una delle localit&agrave; oggi pi&ugrave; famose di tutta la Riviera Romagnola. Per evocare questo evento ci pensa un libro, &ldquo;Milano al Mare &ndash; Milano Marittima: 100 anni e il racconto di un sogno&rdquo;, della &#8230;<a class=\"post-readmore\" href=\"https:\/\/www.minicity.it\/blog\/2011\/06\/il-primo-centenario-di-milano-marittima\/\">read more<\/a><\/p>\n","protected":false},"author":1,"featured_media":0,"comment_status":"open","ping_status":"open","sticky":false,"template":"","format":"standard","meta":{"footnotes":""},"categories":[3],"tags":[21],"class_list":["post-1027","post","type-post","status-publish","format-standard","hentry","category-turismo","tag-milano-marittima"],"aioseo_notices":[],"_links":{"self":[{"href":"https:\/\/www.minicity.it\/blog\/wp-json\/wp\/v2\/posts\/1027","targetHints":{"allow":["GET"]}}],"collection":[{"href":"https:\/\/www.minicity.it\/blog\/wp-json\/wp\/v2\/posts"}],"about":[{"href":"https:\/\/www.minicity.it\/blog\/wp-json\/wp\/v2\/types\/post"}],"author":[{"embeddable":true,"href":"https:\/\/www.minicity.it\/blog\/wp-json\/wp\/v2\/users\/1"}],"replies":[{"embeddable":true,"href":"https:\/\/www.minicity.it\/blog\/wp-json\/wp\/v2\/comments?post=1027"}],"version-history":[{"count":0,"href":"https:\/\/www.minicity.it\/blog\/wp-json\/wp\/v2\/posts\/1027\/revisions"}],"wp:attachment":[{"href":"https:\/\/www.minicity.it\/blog\/wp-json\/wp\/v2\/media?parent=1027"}],"wp:term":[{"taxonomy":"category","embeddable":true,"href":"https:\/\/www.minicity.it\/blog\/wp-json\/wp\/v2\/categories?post=1027"},{"taxonomy":"post_tag","embeddable":true,"href":"https:\/\/www.minicity.it\/blog\/wp-json\/wp\/v2\/tags?post=1027"}],"curies":[{"name":"wp","href":"https:\/\/api.w.org\/{rel}","templated":true}]}}