{"id":1036,"date":"2011-06-14T11:52:34","date_gmt":"2011-06-14T11:52:34","guid":{"rendered":"https:\/\/www.minicity.it\/blog\/?p=1036"},"modified":"2012-09-14T12:16:36","modified_gmt":"2012-09-14T12:16:36","slug":"cesenatico-maltempo-categorie-sono-ottimiste","status":"publish","type":"post","link":"https:\/\/www.minicity.it\/blog\/2011\/06\/cesenatico-maltempo-categorie-sono-ottimiste\/","title":{"rendered":"Cesenatico: protagonista il maltempo, ma le categorie sono ottimiste"},"content":{"rendered":"<p><a href=\"https:\/\/www.minicity.it\/blog\/wp-content\/uploads\/2011\/02\/cesenatico-RivieraRomagnola.jpg\"><img loading=\"lazy\" decoding=\"async\" class=\"alignleft size-full wp-image-211\" title=\"cesenatico-RivieraRomagnola\" src=\"https:\/\/www.minicity.it\/blog\/wp-content\/uploads\/2011\/02\/cesenatico-RivieraRomagnola.jpg\" alt=\"\" width=\"200\" height=\"109\" \/><\/a>Il mese di Giugno viene frenato dal maltempo e si conferma essere una fotocopia del 2010&#8230; nonostante questo, il bilancio rimane positivo.<\/p>\n<p><strong>CESENATICO.<\/strong> Il mese di Giugno, come l&#8217;anno scorso \u00e8 partito all&#8217;insegna del maltempo e a Cesenatico non ha fatto registrare il tutto esaurito. Il presidente della cooperativa bagnini conferma che il tempo li ha penalizzati, ma ancora c&#8217;\u00e8 tempo per invertire la tendenza, perch\u00e8 il mese di Giugno \u00e8 un mese interessante per famiglie e bambini e per chi ha voglia delle prime vacanze al mare.<\/p>\n<p>Al momento le previsioni meteo sembrerebbero essere buone e le prenotazioni ci sono. Il presidente dell&#8217;Associazione albergatori Adac taglia corto dicendo che il vero periodo per vedere come andranno le cose \u00e8 la chiusura delle scuole, dove \u00e8 da questa settimana che si vedr\u00e0 come andr\u00e0 l&#8217;andamento dell&#8217;estate 2011. Il presidente, conclude dicenco che se il tempo sar\u00e0 bello, non macheranno famiglie e bambini ad affollare gli <a title=\"alberghi cesenatico \" href=\"https:\/\/www.minicity.it\/hotel-cesenatico.html\" target=\"_blank\">hotel a cesenatico<\/a> e le spiagge&#8230;<\/p>\n<p>Riguardo l&#8217;Adac, chiude il bilancio 2010 in positivo con un avanzo di 21.489. L&#8217;associazione di Cesenatico raggruppa 230 hotel sui 320 aperti a Cesenatico&#8230;<\/p>\n","protected":false},"excerpt":{"rendered":"<p>Il mese di Giugno viene frenato dal maltempo e si conferma essere una fotocopia del 2010&hellip; nonostante questo, il bilancio rimane positivo. CESENATICO. Il mese di Giugno, come l&rsquo;anno scorso &egrave; partito all&rsquo;insegna del maltempo e a Cesenatico non ha fatto registrare il tutto esaurito. Il presidente della cooperativa bagnini conferma che il tempo li &#8230;<a class=\"post-readmore\" href=\"https:\/\/www.minicity.it\/blog\/2011\/06\/cesenatico-maltempo-categorie-sono-ottimiste\/\">read more<\/a><\/p>\n","protected":false},"author":1,"featured_media":0,"comment_status":"open","ping_status":"open","sticky":false,"template":"","format":"standard","meta":{"footnotes":""},"categories":[3],"tags":[38,5],"class_list":["post-1036","post","type-post","status-publish","format-standard","hentry","category-turismo","tag-cesenatico","tag-notizie"],"aioseo_notices":[],"_links":{"self":[{"href":"https:\/\/www.minicity.it\/blog\/wp-json\/wp\/v2\/posts\/1036","targetHints":{"allow":["GET"]}}],"collection":[{"href":"https:\/\/www.minicity.it\/blog\/wp-json\/wp\/v2\/posts"}],"about":[{"href":"https:\/\/www.minicity.it\/blog\/wp-json\/wp\/v2\/types\/post"}],"author":[{"embeddable":true,"href":"https:\/\/www.minicity.it\/blog\/wp-json\/wp\/v2\/users\/1"}],"replies":[{"embeddable":true,"href":"https:\/\/www.minicity.it\/blog\/wp-json\/wp\/v2\/comments?post=1036"}],"version-history":[{"count":0,"href":"https:\/\/www.minicity.it\/blog\/wp-json\/wp\/v2\/posts\/1036\/revisions"}],"wp:attachment":[{"href":"https:\/\/www.minicity.it\/blog\/wp-json\/wp\/v2\/media?parent=1036"}],"wp:term":[{"taxonomy":"category","embeddable":true,"href":"https:\/\/www.minicity.it\/blog\/wp-json\/wp\/v2\/categories?post=1036"},{"taxonomy":"post_tag","embeddable":true,"href":"https:\/\/www.minicity.it\/blog\/wp-json\/wp\/v2\/tags?post=1036"}],"curies":[{"name":"wp","href":"https:\/\/api.w.org\/{rel}","templated":true}]}}