{"id":1040,"date":"2011-06-14T12:39:00","date_gmt":"2011-06-14T12:39:00","guid":{"rendered":"https:\/\/www.minicity.it\/blog\/?p=1040"},"modified":"2011-06-14T12:39:00","modified_gmt":"2011-06-14T12:39:00","slug":"meno-ottimismo-per-cervia-e-con-pochi-tedeschi","status":"publish","type":"post","link":"https:\/\/www.minicity.it\/blog\/2011\/06\/meno-ottimismo-per-cervia-e-con-pochi-tedeschi\/","title":{"rendered":"Meno ottimismo per Cervia e con pochi tedeschi.."},"content":{"rendered":"<p><a href=\"https:\/\/www.minicity.it\/blog\/wp-content\/uploads\/2011\/03\/cervia.jpg\"><img loading=\"lazy\" decoding=\"async\" class=\"alignleft size-full wp-image-385\" title=\"cervia\" src=\"https:\/\/www.minicity.it\/blog\/wp-content\/uploads\/2011\/03\/cervia.jpg\" alt=\"\" width=\"200\" height=\"133\" \/><\/a>A Cervia non c&#8217;\u00e8 lo stesso ottimismo che c&#8217;\u00e8 a Cesenatico e dopo il ponte del 2 Giugno ci si aspettava di pi\u00f9&#8230;<\/p>\n<p><strong>CERVIA.<\/strong> Il 2 Giugno si era concluso con il pienone nella citt\u00e0 del sale, ma con la settimana dopo si \u00e8 ritornati alla realt\u00e0 che ha visto anche alcuni operatori chiudere in attesa di tempi migliori&#8230;<\/p>\n<p>Dal 2000 a Cervia si \u00e8 visto anche un drastico calo sulle presenze di turisti tedeschi: dalle 311mila presenze alle 181mila del 2010, e con la Pentecoste le aspettative erano maggiori.<\/p>\n<p>Il presidente di AssHotel, Roberta Penso, dice che con la chiusura delle scuole, la situazione per questa settimana non migliorer\u00e0 anche se quella passata \u00e8 stata la peggiore della stagione. la Penso continua col dire che si deve puntare ancora al mercato tedesco con iniziative come \u00e8 avvenuto con la citt\u00e0 di Aalen promuovendo scambi culturali ed economici. Per un rilancio di dovr\u00e0 aspettare il 20 Giugno conclude la Penso.<\/p>\n<p>Il presidente di Federalberghi spiega che l&#8217;offerta di Cervia \u00e8 buona, ma a pesare sono le consumazioni extra e a differenza di altri paesi non \u00e8 possibile offrire un pacchetto all inclusive. Per Luca Sirilli, le presenze di turisti tedeschi eguaglier\u00e0 i numeri che si sono registrati l&#8217;anno scorso e conclude dicendo che la settimana scorsa sembrava &#8220;il Deserto dei Tartari&#8230;&#8221;<\/p>\n","protected":false},"excerpt":{"rendered":"<p>A Cervia non c&rsquo;&egrave; lo stesso ottimismo che c&rsquo;&egrave; a Cesenatico e dopo il ponte del 2 Giugno ci si aspettava di pi&ugrave;&hellip; CERVIA. Il 2 Giugno si era concluso con il pienone nella citt&agrave; del sale, ma con la settimana dopo si &egrave; ritornati alla realt&agrave; che ha visto anche alcuni operatori chiudere in &#8230;<a class=\"post-readmore\" href=\"https:\/\/www.minicity.it\/blog\/2011\/06\/meno-ottimismo-per-cervia-e-con-pochi-tedeschi\/\">read more<\/a><\/p>\n","protected":false},"author":1,"featured_media":0,"comment_status":"open","ping_status":"open","sticky":false,"template":"","format":"standard","meta":{"footnotes":""},"categories":[3],"tags":[20],"class_list":["post-1040","post","type-post","status-publish","format-standard","hentry","category-turismo","tag-cervia"],"aioseo_notices":[],"_links":{"self":[{"href":"https:\/\/www.minicity.it\/blog\/wp-json\/wp\/v2\/posts\/1040","targetHints":{"allow":["GET"]}}],"collection":[{"href":"https:\/\/www.minicity.it\/blog\/wp-json\/wp\/v2\/posts"}],"about":[{"href":"https:\/\/www.minicity.it\/blog\/wp-json\/wp\/v2\/types\/post"}],"author":[{"embeddable":true,"href":"https:\/\/www.minicity.it\/blog\/wp-json\/wp\/v2\/users\/1"}],"replies":[{"embeddable":true,"href":"https:\/\/www.minicity.it\/blog\/wp-json\/wp\/v2\/comments?post=1040"}],"version-history":[{"count":0,"href":"https:\/\/www.minicity.it\/blog\/wp-json\/wp\/v2\/posts\/1040\/revisions"}],"wp:attachment":[{"href":"https:\/\/www.minicity.it\/blog\/wp-json\/wp\/v2\/media?parent=1040"}],"wp:term":[{"taxonomy":"category","embeddable":true,"href":"https:\/\/www.minicity.it\/blog\/wp-json\/wp\/v2\/categories?post=1040"},{"taxonomy":"post_tag","embeddable":true,"href":"https:\/\/www.minicity.it\/blog\/wp-json\/wp\/v2\/tags?post=1040"}],"curies":[{"name":"wp","href":"https:\/\/api.w.org\/{rel}","templated":true}]}}