{"id":1061,"date":"2011-06-16T09:39:30","date_gmt":"2011-06-16T09:39:30","guid":{"rendered":"https:\/\/www.minicity.it\/blog\/?p=1061"},"modified":"2011-06-16T09:39:30","modified_gmt":"2011-06-16T09:39:30","slug":"la-provincia-affitta-il-marchio-della-notte-rosa","status":"publish","type":"post","link":"https:\/\/www.minicity.it\/blog\/2011\/06\/la-provincia-affitta-il-marchio-della-notte-rosa\/","title":{"rendered":"La Provincia affitta il marchio della Notte Rosa&#8230;"},"content":{"rendered":"<p><a href=\"https:\/\/www.minicity.it\/blog\/wp-content\/uploads\/2010\/06\/notte_rosa-2010.jpg\"><img loading=\"lazy\" decoding=\"async\" class=\"alignleft size-full wp-image-79\" title=\"notte_rosa-2010\" src=\"https:\/\/www.minicity.it\/blog\/wp-content\/uploads\/2010\/06\/notte_rosa-2010.jpg\" alt=\"\" width=\"200\" height=\"150\" \/><\/a> In occasione della Notte Rosa 2011, sar\u00e0 creata una linea di abbigliamento apposita, un gusto di gelato dal nome RiminiRosa, un colore create per l&#8217;evento e il dolce BomboRosa&#8230;<\/p>\n<p><strong>RIMINI.<\/strong> Tutto questo grazie alla partecipazione di alcune imprese locali, dove alla Provincia entreranno in cassa circa 50.000 euro da questa operazione. Operazione che ha voluto tutelare la Notte Rosa da chi potrebbe intaccare l&#8217;evento a scopo di lucro e per promuovere\u00a0 l&#8217;evento nel miglior modo possibile.<\/p>\n<p>Il Fornitore ufficiale che curer\u00e0 l&#8217;abbigliamento della Notte Rosa sar\u00e0 Edh di Rimini insieme a Mp di Viserba per la realizzazione del colore rosa che sar\u00e0 creato con 5 sfumature diverse per ogni singolo comune. Il marchio sar\u00e0 affittato fino al 31 Dicembre 2012 e il colore avr\u00e0 come nome ufficiale &#8220;La Notte Rosa&#8221;.<\/p>\n<p>Tutto questo sar\u00e0 promosso sui mercati nazionali ed esteri fino ad arrivare sulla penisola arabica.<\/p>\n<p>Per i pi\u00f9 golosi invece ci sar\u00e0 il nuovo gusto RiminiRosa e il dolce BomboRosa creato da Roberto Rinaldini&#8230;<\/p>\n","protected":false},"excerpt":{"rendered":"<p>In occasione della Notte Rosa 2011, sar&agrave; creata una linea di abbigliamento apposita, un gusto di gelato dal nome RiminiRosa, un colore create per l&rsquo;evento e il dolce BomboRosa&hellip; RIMINI. Tutto questo grazie alla partecipazione di alcune imprese locali, dove alla Provincia entreranno in cassa circa 50.000 euro da questa operazione. Operazione che ha voluto &#8230;<a class=\"post-readmore\" href=\"https:\/\/www.minicity.it\/blog\/2011\/06\/la-provincia-affitta-il-marchio-della-notte-rosa\/\">read more<\/a><\/p>\n","protected":false},"author":1,"featured_media":0,"comment_status":"open","ping_status":"open","sticky":false,"template":"","format":"standard","meta":{"footnotes":""},"categories":[3],"tags":[5,19],"class_list":["post-1061","post","type-post","status-publish","format-standard","hentry","category-turismo","tag-notizie","tag-notte-rosa"],"aioseo_notices":[],"_links":{"self":[{"href":"https:\/\/www.minicity.it\/blog\/wp-json\/wp\/v2\/posts\/1061","targetHints":{"allow":["GET"]}}],"collection":[{"href":"https:\/\/www.minicity.it\/blog\/wp-json\/wp\/v2\/posts"}],"about":[{"href":"https:\/\/www.minicity.it\/blog\/wp-json\/wp\/v2\/types\/post"}],"author":[{"embeddable":true,"href":"https:\/\/www.minicity.it\/blog\/wp-json\/wp\/v2\/users\/1"}],"replies":[{"embeddable":true,"href":"https:\/\/www.minicity.it\/blog\/wp-json\/wp\/v2\/comments?post=1061"}],"version-history":[{"count":0,"href":"https:\/\/www.minicity.it\/blog\/wp-json\/wp\/v2\/posts\/1061\/revisions"}],"wp:attachment":[{"href":"https:\/\/www.minicity.it\/blog\/wp-json\/wp\/v2\/media?parent=1061"}],"wp:term":[{"taxonomy":"category","embeddable":true,"href":"https:\/\/www.minicity.it\/blog\/wp-json\/wp\/v2\/categories?post=1061"},{"taxonomy":"post_tag","embeddable":true,"href":"https:\/\/www.minicity.it\/blog\/wp-json\/wp\/v2\/tags?post=1061"}],"curies":[{"name":"wp","href":"https:\/\/api.w.org\/{rel}","templated":true}]}}