{"id":1065,"date":"2011-06-16T10:51:58","date_gmt":"2011-06-16T10:51:58","guid":{"rendered":"https:\/\/www.minicity.it\/blog\/?p=1065"},"modified":"2011-06-16T10:51:58","modified_gmt":"2011-06-16T10:51:58","slug":"milano-marittima-un-tuffo-nella-sua-storia","status":"publish","type":"post","link":"https:\/\/www.minicity.it\/blog\/2011\/06\/milano-marittima-un-tuffo-nella-sua-storia\/","title":{"rendered":"Milano Marittima: un tuffo nella sua storia"},"content":{"rendered":"<p><a href=\"https:\/\/www.minicity.it\/blog\/wp-content\/uploads\/2011\/06\/milanomarittima.jpg\"><img loading=\"lazy\" decoding=\"async\" class=\"alignleft size-full wp-image-1066\" title=\"milanomarittima\" src=\"https:\/\/www.minicity.it\/blog\/wp-content\/uploads\/2011\/06\/milanomarittima.jpg\" alt=\"\" width=\"200\" height=\"133\" \/><\/a>Per ricordare la storia di Milano Marittima, sar\u00e0 organizzata una visita guidata all&#8217;archivio comunale.<\/p>\n<p><strong>MILANO MARITTIMA.<\/strong> Durante la giornata di venerd\u00ec pomeriggio alle ore 15:30, il Cral dei dipendenti comunali organizza una visita guidata all&#8217;archivio comunale e all&#8217;architettura delle prime costruzioni.<\/p>\n<p>L&#8217;obiettivo di questo evento \u00e8 quello di ricordare e far conoscere lo sviluppo che ha avuto la citt\u00e0 di Milano Marittima in questi anni. A guidare la visita sar\u00e0 Cristina Poni, responsabile dell&#8217;archivio comunale, dove oltre a questo sar\u00e0 prevista una passeggiata nel centro della citt\u00e0 per visitare i villini del 1900. A guidare la visita attraverso l&#8217;architettura di Milano Marittima sar\u00e0 Cesare Melandri, ex dipendente del Comune&#8230;<\/p>\n<p>La giornata si concluder\u00e0 con un breack offerto dal bagno Milano.<\/p>\n","protected":false},"excerpt":{"rendered":"<p>Per ricordare la storia di Milano Marittima, sar&agrave; organizzata una visita guidata all&rsquo;archivio comunale. MILANO MARITTIMA. Durante la giornata di venerd&igrave; pomeriggio alle ore 15:30, il Cral dei dipendenti comunali organizza una visita guidata all&rsquo;archivio comunale e all&rsquo;architettura delle prime costruzioni. L&rsquo;obiettivo di questo evento &egrave; quello di ricordare e far conoscere lo sviluppo che &#8230;<a class=\"post-readmore\" href=\"https:\/\/www.minicity.it\/blog\/2011\/06\/milano-marittima-un-tuffo-nella-sua-storia\/\">read more<\/a><\/p>\n","protected":false},"author":1,"featured_media":0,"comment_status":"open","ping_status":"open","sticky":false,"template":"","format":"standard","meta":{"footnotes":""},"categories":[3],"tags":[33,21],"class_list":["post-1065","post","type-post","status-publish","format-standard","hentry","category-turismo","tag-eventi-riviera","tag-milano-marittima"],"aioseo_notices":[],"_links":{"self":[{"href":"https:\/\/www.minicity.it\/blog\/wp-json\/wp\/v2\/posts\/1065","targetHints":{"allow":["GET"]}}],"collection":[{"href":"https:\/\/www.minicity.it\/blog\/wp-json\/wp\/v2\/posts"}],"about":[{"href":"https:\/\/www.minicity.it\/blog\/wp-json\/wp\/v2\/types\/post"}],"author":[{"embeddable":true,"href":"https:\/\/www.minicity.it\/blog\/wp-json\/wp\/v2\/users\/1"}],"replies":[{"embeddable":true,"href":"https:\/\/www.minicity.it\/blog\/wp-json\/wp\/v2\/comments?post=1065"}],"version-history":[{"count":0,"href":"https:\/\/www.minicity.it\/blog\/wp-json\/wp\/v2\/posts\/1065\/revisions"}],"wp:attachment":[{"href":"https:\/\/www.minicity.it\/blog\/wp-json\/wp\/v2\/media?parent=1065"}],"wp:term":[{"taxonomy":"category","embeddable":true,"href":"https:\/\/www.minicity.it\/blog\/wp-json\/wp\/v2\/categories?post=1065"},{"taxonomy":"post_tag","embeddable":true,"href":"https:\/\/www.minicity.it\/blog\/wp-json\/wp\/v2\/tags?post=1065"}],"curies":[{"name":"wp","href":"https:\/\/api.w.org\/{rel}","templated":true}]}}