{"id":1076,"date":"2011-06-17T07:51:43","date_gmt":"2011-06-17T07:51:43","guid":{"rendered":"https:\/\/www.minicity.it\/blog\/?p=1076"},"modified":"2011-06-17T07:51:43","modified_gmt":"2011-06-17T07:51:43","slug":"gatteo-mare-arrivano-le-nonne-in-passerella","status":"publish","type":"post","link":"https:\/\/www.minicity.it\/blog\/2011\/06\/gatteo-mare-arrivano-le-nonne-in-passerella\/","title":{"rendered":"Gatteo Mare: arrivano le nonne in passerella"},"content":{"rendered":"<p><a href=\"https:\/\/www.minicity.it\/blog\/wp-content\/uploads\/2011\/06\/missnonnaitaliana.jpg\"><img loading=\"lazy\" decoding=\"async\" class=\"alignleft size-full wp-image-1078\" title=\"missnonnaitaliana\" src=\"https:\/\/www.minicity.it\/blog\/wp-content\/uploads\/2011\/06\/missnonnaitaliana.jpg\" alt=\"\" width=\"200\" height=\"183\" \/><\/a>Stasera a Gatteo mare si svolger\u00e0 il concorso di bellezza in Piazza della Libert\u00e0..<\/p>\n<p><strong>GATTEO MARE.<\/strong> Torna in citt\u00e0 il concorso di bellezza per eleggere &#8220;Miss Nonna Italiana&#8221; questa sera. Dopo il successo delle precedenti edizioni, anche per quest&#8217;anno si elegger\u00e0 la nonna pi\u00f9 bella d&#8217;Italia.<\/p>\n<p>Il concorso si svolger\u00e0\u00a0 alle ore 21 in piazza della Libert\u00e0 a Gatteo Mare, dove per la settima edizione ci sar\u00e0 l&#8217;ideatore Paolo Teti a presentarla. Paolo Teti \u00e8 anche ideatore di altri concorsi nazionali come &#8220;Il babbo pi\u00f9 bello d&#8217;Italia&#8221;, &#8220;Miss Mamma Italiana&#8221; e &#8220;Miss Suocera&#8221;. L&#8217;evento sar\u00e0 patrocinato dall&#8217;associazione albergatori di Gatteo Mare e il Comune.<\/p>\n<p>Questa sera nonne di tutte le et\u00e0 provenienti da tutta Italia si scontreranno a suon di poesia, ballo, canzoni e gastronomia. A questa sera la decisione della futura &#8220;Miss Nonna Italiana&#8221;.<\/p>\n","protected":false},"excerpt":{"rendered":"<p>Stasera a Gatteo mare si svolger&agrave; il concorso di bellezza in Piazza della Libert&agrave;.. GATTEO MARE. Torna in citt&agrave; il concorso di bellezza per eleggere &ldquo;Miss Nonna Italiana&rdquo; questa sera. Dopo il successo delle precedenti edizioni, anche per quest&rsquo;anno si elegger&agrave; la nonna pi&ugrave; bella d&rsquo;Italia. Il concorso si svolger&agrave;&nbsp; alle ore 21 in piazza &#8230;<a class=\"post-readmore\" href=\"https:\/\/www.minicity.it\/blog\/2011\/06\/gatteo-mare-arrivano-le-nonne-in-passerella\/\">read more<\/a><\/p>\n","protected":false},"author":1,"featured_media":0,"comment_status":"open","ping_status":"open","sticky":false,"template":"","format":"standard","meta":{"footnotes":""},"categories":[3],"tags":[20,33],"class_list":["post-1076","post","type-post","status-publish","format-standard","hentry","category-turismo","tag-cervia","tag-eventi-riviera"],"aioseo_notices":[],"_links":{"self":[{"href":"https:\/\/www.minicity.it\/blog\/wp-json\/wp\/v2\/posts\/1076","targetHints":{"allow":["GET"]}}],"collection":[{"href":"https:\/\/www.minicity.it\/blog\/wp-json\/wp\/v2\/posts"}],"about":[{"href":"https:\/\/www.minicity.it\/blog\/wp-json\/wp\/v2\/types\/post"}],"author":[{"embeddable":true,"href":"https:\/\/www.minicity.it\/blog\/wp-json\/wp\/v2\/users\/1"}],"replies":[{"embeddable":true,"href":"https:\/\/www.minicity.it\/blog\/wp-json\/wp\/v2\/comments?post=1076"}],"version-history":[{"count":0,"href":"https:\/\/www.minicity.it\/blog\/wp-json\/wp\/v2\/posts\/1076\/revisions"}],"wp:attachment":[{"href":"https:\/\/www.minicity.it\/blog\/wp-json\/wp\/v2\/media?parent=1076"}],"wp:term":[{"taxonomy":"category","embeddable":true,"href":"https:\/\/www.minicity.it\/blog\/wp-json\/wp\/v2\/categories?post=1076"},{"taxonomy":"post_tag","embeddable":true,"href":"https:\/\/www.minicity.it\/blog\/wp-json\/wp\/v2\/tags?post=1076"}],"curies":[{"name":"wp","href":"https:\/\/api.w.org\/{rel}","templated":true}]}}