{"id":1086,"date":"2011-06-17T11:03:17","date_gmt":"2011-06-17T11:03:17","guid":{"rendered":"https:\/\/www.minicity.it\/blog\/?p=1086"},"modified":"2011-06-17T11:03:17","modified_gmt":"2011-06-17T11:03:17","slug":"pesaro-notte-bianca-programma-calendario-eventi","status":"publish","type":"post","link":"https:\/\/www.minicity.it\/blog\/2011\/06\/pesaro-notte-bianca-programma-calendario-eventi\/","title":{"rendered":"Pesaro: Domani la notte sar\u00e0 bianca&#8230;"},"content":{"rendered":"<p><a href=\"https:\/\/www.minicity.it\/blog\/wp-content\/uploads\/2011\/06\/eventimusicapesaro.jpg\"><img loading=\"lazy\" decoding=\"async\" class=\"alignleft size-full wp-image-1088\" title=\"eventimusicapesaro\" src=\"https:\/\/www.minicity.it\/blog\/wp-content\/uploads\/2011\/06\/eventimusicapesaro.jpg\" alt=\"\" width=\"200\" height=\"150\" \/><\/a>Domani a Pesaro, la musica sar\u00e0 la vera protagonista all&#8217; <em>&#8220;Inno alla notte. Pesaro in Musica&#8221;<\/em>&#8230;<\/p>\n<p><strong>PESARO.<\/strong> Grande festa per domani dove dal blues si passer\u00e0 al jazz, dal rock al tango, sonorit\u00e0 latine, dance e tecno fino ad arrivare al musical in programma &#8220;Pizzica&#8221;. Tutto questo dalle 19 in poi di domani nelle zone del centro fino ad arrivare a Baia Flaminia e Fosso Sejore.<\/p>\n<p>Per l&#8217;evento si esibiranno tanti giovani talenti confermando Pesaro come citt\u00e0 della Musica, ricordando che rappresenta la citt\u00e0 di Rossini. La parte artistica sar\u00e0 curata dall&#8217;associazione &#8220;Pesaro on stage&#8221;, mentre il logo \u00e8 stato realizzato dai ragazzi del liceo artistico Mengaroni. Per promuovere l&#8217;evento sono stati utilizzati metodi non convenzionali come il video che sta girando in rete&#8230;<\/p>\n<p>Il programma prevede:<\/p>\n<ol>\n<li><strong>ore 19:30<\/strong> in piazza Fava ci sar\u00e0 la &#8220;zona rock &#8217;70 \/ &#8217;80&#8242;&#8221;;<\/li>\n<li><strong>ore 21<\/strong> in via Passeri inizieranno gli spettacoli con il concerto del violinista Franco Turra; in viale Trieste sar\u00e0 protagonista il tango; in via Branca spettacolo di giocolleria;<\/li>\n<li><strong>ore 21:30<\/strong> in piazza si esibiranno i finalisti del festival &#8220;Giovani per la Musica&#8221; insieme al concerto di musica sacra del Coro di San Carlo di Pesaro e i ragazzi cantori di San Giovanni in Persiceto;<\/li>\n<li><strong>ore 22<\/strong> in via Fiume ci sar\u00e0 la &#8220;zona latina&#8221;; nel parcheggio comunale di viale Trieste ci saranno i concerti della rock band; su uno yatch ormeggiato al molo di Ponente si esibiranno artisti acrobatici;<\/li>\n<li><strong>dopo mezzanotte<\/strong> &#8220;El Portillo&#8221; ospiter\u00e0 la zona electro;<\/li>\n<li><strong>Fuochi d&#8217;artificio<\/strong>;<\/li>\n<li><strong>ore 4:30<\/strong> concerto sulla spiaggia di Levante con Edoardo Javer Maffei e Diego Brancaccio.<\/li>\n<\/ol>\n<p>L&#8217;assessore del Comune alla Sicurezza, Riccardo Pascucci diceh che si potr\u00e0 ripetere l&#8217;evento anche 2\/3 volte l&#8217;anno se i giovani ragazzi adotteranno un comportamento idoneo senza eccessi di alcol..<\/p>\n","protected":false},"excerpt":{"rendered":"<p>Domani a Pesaro, la musica sar&agrave; la vera protagonista all&rsquo; &ldquo;Inno alla notte. Pesaro in Musica&rdquo;&hellip; PESARO. Grande festa per domani dove dal blues si passer&agrave; al jazz, dal rock al tango, sonorit&agrave; latine, dance e tecno fino ad arrivare al musical in programma &ldquo;Pizzica&rdquo;. Tutto questo dalle 19 in poi di domani nelle zone &#8230;<a class=\"post-readmore\" href=\"https:\/\/www.minicity.it\/blog\/2011\/06\/pesaro-notte-bianca-programma-calendario-eventi\/\">read more<\/a><\/p>\n","protected":false},"author":1,"featured_media":0,"comment_status":"open","ping_status":"open","sticky":false,"template":"","format":"standard","meta":{"footnotes":""},"categories":[3],"tags":[33,32],"class_list":["post-1086","post","type-post","status-publish","format-standard","hentry","category-turismo","tag-eventi-riviera","tag-marche"],"aioseo_notices":[],"_links":{"self":[{"href":"https:\/\/www.minicity.it\/blog\/wp-json\/wp\/v2\/posts\/1086","targetHints":{"allow":["GET"]}}],"collection":[{"href":"https:\/\/www.minicity.it\/blog\/wp-json\/wp\/v2\/posts"}],"about":[{"href":"https:\/\/www.minicity.it\/blog\/wp-json\/wp\/v2\/types\/post"}],"author":[{"embeddable":true,"href":"https:\/\/www.minicity.it\/blog\/wp-json\/wp\/v2\/users\/1"}],"replies":[{"embeddable":true,"href":"https:\/\/www.minicity.it\/blog\/wp-json\/wp\/v2\/comments?post=1086"}],"version-history":[{"count":0,"href":"https:\/\/www.minicity.it\/blog\/wp-json\/wp\/v2\/posts\/1086\/revisions"}],"wp:attachment":[{"href":"https:\/\/www.minicity.it\/blog\/wp-json\/wp\/v2\/media?parent=1086"}],"wp:term":[{"taxonomy":"category","embeddable":true,"href":"https:\/\/www.minicity.it\/blog\/wp-json\/wp\/v2\/categories?post=1086"},{"taxonomy":"post_tag","embeddable":true,"href":"https:\/\/www.minicity.it\/blog\/wp-json\/wp\/v2\/tags?post=1086"}],"curies":[{"name":"wp","href":"https:\/\/api.w.org\/{rel}","templated":true}]}}