{"id":1098,"date":"2011-06-20T12:51:48","date_gmt":"2011-06-20T12:51:48","guid":{"rendered":"https:\/\/www.minicity.it\/blog\/?p=1098"},"modified":"2011-06-20T12:51:48","modified_gmt":"2011-06-20T12:51:48","slug":"cervia-festival-delle-arti-tricolore","status":"publish","type":"post","link":"https:\/\/www.minicity.it\/blog\/2011\/06\/cervia-festival-delle-arti-tricolore\/","title":{"rendered":"Cervia: Festival delle Arti Tricolore"},"content":{"rendered":"<p><a href=\"https:\/\/www.minicity.it\/blog\/wp-content\/uploads\/2011\/03\/festaunit\u00e0Italia.jpg\"><img loading=\"lazy\" decoding=\"async\" class=\"alignleft size-full wp-image-469\" title=\"festaunit\u00e0Italia\" src=\"https:\/\/www.minicity.it\/blog\/wp-content\/uploads\/2011\/03\/festaunit\u00e0Italia.jpg\" alt=\"\" width=\"200\" height=\"150\" \/><\/a>Da venerd\u00ec parte la rassegna dedicata &#8220;ai fratelli e alle sorelle d&#8217;Italia&#8221; con laboratori per bambini e incontri.<\/p>\n<p><strong>CERVIA.<\/strong> 3 giornate dove ci sar\u00e0 la rassegna &#8220;Festival delle Arti&#8221; che con il 2011 arriva alla sua decima edizione e che in occasione del 150\u00b0 anniversario dell&#8217;Unit\u00e0 d&#8217;Italia prender\u00e0 il nome di &#8220;Fratelli e sorelle d&#8217;Italia&#8221;.<\/p>\n<p>L&#8217;evento si svolger\u00e0 <strong>da venerd\u00ec prossimo fino a domenica<\/strong> a partire dalle ore 21 dove a fare da contorno sar\u00e0 piazzale dei Salinari. Un evento culturale che non macher\u00e0 di avere un occhio di riguardo anche per i bambini con la possibilit\u00e0 di imparare antichi mestieri, manipolare la creta, imparare l&#8217;arte del mosaico e la modellazione del legno.<\/p>\n<p>Durante le 3 serate si inizier\u00e0 alle 21 con il concerto dei &#8220;Jean Fabry 1861&#8221;. <strong>Il primo giorno<\/strong> del Festival sar\u00e0 presente Rosetta Berardi con lo spettacolo &#8220;Cordula Poletti un&#8217;anticipatrice. Accettare la diversit\u00e0 rafforza l&#8217;unit\u00e0&#8221;. Nella seconda serata ci sar\u00e0 un incontro con il pubblico con Vito Baroncini.<\/p>\n<p><strong>Sabato 25 Giugno<\/strong> Igino Poggiali racconter\u00e0 di una giovane Italia fatta di talenti e inventori.<\/p>\n<p><strong>Domenica 26 Giugno<\/strong> ci sar\u00e0 il finale della Rassegna che vedr\u00e0 come relatori Rita Borioni, docente di storia dell&#8217;industria culturale e Maurizio Roi, Vice presidente Agis.<\/p>\n","protected":false},"excerpt":{"rendered":"<p>Da venerd&igrave; parte la rassegna dedicata &ldquo;ai fratelli e alle sorelle d&rsquo;Italia&rdquo; con laboratori per bambini e incontri. CERVIA. 3 giornate dove ci sar&agrave; la rassegna &ldquo;Festival delle Arti&rdquo; che con il 2011 arriva alla sua decima edizione e che in occasione del 150&deg; anniversario dell&rsquo;Unit&agrave; d&rsquo;Italia prender&agrave; il nome di &ldquo;Fratelli e sorelle d&rsquo;Italia&rdquo;. &#8230;<a class=\"post-readmore\" href=\"https:\/\/www.minicity.it\/blog\/2011\/06\/cervia-festival-delle-arti-tricolore\/\">read more<\/a><\/p>\n","protected":false},"author":1,"featured_media":0,"comment_status":"open","ping_status":"open","sticky":false,"template":"","format":"standard","meta":{"footnotes":""},"categories":[3],"tags":[20,33],"class_list":["post-1098","post","type-post","status-publish","format-standard","hentry","category-turismo","tag-cervia","tag-eventi-riviera"],"aioseo_notices":[],"_links":{"self":[{"href":"https:\/\/www.minicity.it\/blog\/wp-json\/wp\/v2\/posts\/1098","targetHints":{"allow":["GET"]}}],"collection":[{"href":"https:\/\/www.minicity.it\/blog\/wp-json\/wp\/v2\/posts"}],"about":[{"href":"https:\/\/www.minicity.it\/blog\/wp-json\/wp\/v2\/types\/post"}],"author":[{"embeddable":true,"href":"https:\/\/www.minicity.it\/blog\/wp-json\/wp\/v2\/users\/1"}],"replies":[{"embeddable":true,"href":"https:\/\/www.minicity.it\/blog\/wp-json\/wp\/v2\/comments?post=1098"}],"version-history":[{"count":0,"href":"https:\/\/www.minicity.it\/blog\/wp-json\/wp\/v2\/posts\/1098\/revisions"}],"wp:attachment":[{"href":"https:\/\/www.minicity.it\/blog\/wp-json\/wp\/v2\/media?parent=1098"}],"wp:term":[{"taxonomy":"category","embeddable":true,"href":"https:\/\/www.minicity.it\/blog\/wp-json\/wp\/v2\/categories?post=1098"},{"taxonomy":"post_tag","embeddable":true,"href":"https:\/\/www.minicity.it\/blog\/wp-json\/wp\/v2\/tags?post=1098"}],"curies":[{"name":"wp","href":"https:\/\/api.w.org\/{rel}","templated":true}]}}