{"id":1131,"date":"2011-06-24T10:41:45","date_gmt":"2011-06-24T10:41:45","guid":{"rendered":"https:\/\/www.minicity.it\/blog\/?p=1131"},"modified":"2011-06-24T10:41:45","modified_gmt":"2011-06-24T10:41:45","slug":"festival-di-castrocaro-terme","status":"publish","type":"post","link":"https:\/\/www.minicity.it\/blog\/2011\/06\/festival-di-castrocaro-terme\/","title":{"rendered":"Festival di Castrocaro Terme"},"content":{"rendered":"<p><a href=\"https:\/\/www.minicity.it\/blog\/wp-content\/uploads\/2011\/06\/festivalcastrocaroterme.jpg\"><img loading=\"lazy\" decoding=\"async\" class=\"alignleft size-full wp-image-1132\" title=\"festivalcastrocaroterme\" src=\"https:\/\/www.minicity.it\/blog\/wp-content\/uploads\/2011\/06\/festivalcastrocaroterme.jpg\" alt=\"\" width=\"200\" height=\"166\" \/><\/a>Si terr\u00e0 il 15 Luglio la finale nella citt\u00e0 romagnola&#8230;<\/p>\n<p><strong>CASTROCARO TERME.<\/strong> E&#8217; iniziata il 18 Giugno a Napoli la 54esima edizione del festival &#8220;Voci Nuove, Volti Nuovi&#8221; di Castrocaro condotto da Giuliano Casalini. Prima della finale che si terr\u00e0 il 15 Luglio nella citt\u00e0 romagnola, si terranno 10 gare che si svolgeranno in diverse piazze italiane dove si esibiranno 101 giovani talenti della canzoni italiana. Giovani talenti con un&#8217;et\u00e0 media di 22 anni che sono stati scelti nei mesi di marzo, aprile, maggio e giugno.<\/p>\n<p>Per accedere alla finale i ragazzi si dovranno confrontare in un &#8220;Contest Tour&#8221; dove in ogni tappa si esibiranno 10 concorrenti. Il vincitore della serata avr\u00e0 accesso alla finale che si terr\u00e0 il 15 Luglio, mentre per il secondo e terzo classificato c&#8217;\u00e8 la speranza in un ripescaggio durante la tappa successiva.<\/p>\n<p>La finale che si svolger\u00e0 a Castrocaro Terme andr\u00e0 in onda su Raiuno con la conduzione di Fabrizio Frizzi.<\/p>\n<p>Da ricordare che il festival di Castrocaro Terme ha messo in risalto artisti come Fiorella Mannoia, Iva Zanicchi, Eros Ramazzotti, Zucchero, Nek e molti altri&#8230;<\/p>\n","protected":false},"excerpt":{"rendered":"<p>Si terr&agrave; il 15 Luglio la finale nella citt&agrave; romagnola&hellip; CASTROCARO TERME. E&rsquo; iniziata il 18 Giugno a Napoli la 54esima edizione del festival &ldquo;Voci Nuove, Volti Nuovi&rdquo; di Castrocaro condotto da Giuliano Casalini. Prima della finale che si terr&agrave; il 15 Luglio nella citt&agrave; romagnola, si terranno 10 gare che si svolgeranno in diverse &#8230;<a class=\"post-readmore\" href=\"https:\/\/www.minicity.it\/blog\/2011\/06\/festival-di-castrocaro-terme\/\">read more<\/a><\/p>\n","protected":false},"author":1,"featured_media":0,"comment_status":"open","ping_status":"open","sticky":false,"template":"","format":"standard","meta":{"footnotes":""},"categories":[3],"tags":[39,33],"class_list":["post-1131","post","type-post","status-publish","format-standard","hentry","category-turismo","tag-concerti","tag-eventi-riviera"],"aioseo_notices":[],"_links":{"self":[{"href":"https:\/\/www.minicity.it\/blog\/wp-json\/wp\/v2\/posts\/1131","targetHints":{"allow":["GET"]}}],"collection":[{"href":"https:\/\/www.minicity.it\/blog\/wp-json\/wp\/v2\/posts"}],"about":[{"href":"https:\/\/www.minicity.it\/blog\/wp-json\/wp\/v2\/types\/post"}],"author":[{"embeddable":true,"href":"https:\/\/www.minicity.it\/blog\/wp-json\/wp\/v2\/users\/1"}],"replies":[{"embeddable":true,"href":"https:\/\/www.minicity.it\/blog\/wp-json\/wp\/v2\/comments?post=1131"}],"version-history":[{"count":0,"href":"https:\/\/www.minicity.it\/blog\/wp-json\/wp\/v2\/posts\/1131\/revisions"}],"wp:attachment":[{"href":"https:\/\/www.minicity.it\/blog\/wp-json\/wp\/v2\/media?parent=1131"}],"wp:term":[{"taxonomy":"category","embeddable":true,"href":"https:\/\/www.minicity.it\/blog\/wp-json\/wp\/v2\/categories?post=1131"},{"taxonomy":"post_tag","embeddable":true,"href":"https:\/\/www.minicity.it\/blog\/wp-json\/wp\/v2\/tags?post=1131"}],"curies":[{"name":"wp","href":"https:\/\/api.w.org\/{rel}","templated":true}]}}