{"id":1149,"date":"2011-06-27T11:16:33","date_gmt":"2011-06-27T11:16:33","guid":{"rendered":"https:\/\/www.minicity.it\/blog\/?p=1149"},"modified":"2011-06-27T11:16:33","modified_gmt":"2011-06-27T11:16:33","slug":"salone-mondiale-turismo-dei-siti-unesco-assisi","status":"publish","type":"post","link":"https:\/\/www.minicity.it\/blog\/2011\/06\/salone-mondiale-turismo-dei-siti-unesco-assisi\/","title":{"rendered":"Salone mondiale del turismo dei siti Unesco ad Assisi"},"content":{"rendered":"<p><strong>Salone mondiale del t<a href=\"https:\/\/www.minicity.it\/blog\/wp-content\/uploads\/2011\/06\/unesco.jpg\"><img loading=\"lazy\" decoding=\"async\" class=\"alignleft size-full wp-image-1150\" title=\"unesco\" src=\"https:\/\/www.minicity.it\/blog\/wp-content\/uploads\/2011\/06\/unesco.jpg\" alt=\"\" width=\"200\" height=\"145\" \/><\/a>urismo<\/strong> dei siti Unesco ad Assisi dal 18 al 16 ottobre<\/p>\n<p><strong>Dal 18 al 16 ottobre <\/strong>prossimi ad Assisi si terr\u00e0 il \u201cSalone mondiale del turismo dei siti Unesco\u201d. Si tratta della seconda edizione di un incontro che mira a far discutere coloro che vivono in regioni che hanno zone che sono state elette patrimonio dell&#8217;Umanit\u00e0.<\/p>\n<blockquote><p>\u00abPerch\u00e9 questi luoghi \u201cprivilegiati\u201d della Terra, non godono gi\u00e0 della dovuta attenzione da parte di chi affina le strategie del turismo, veicolando le rotte di milioni di viaggiatori? In parte la risposta \u00e8 affermativa, ma spesso, specie nell\u2019ultimo decennio, si accusa una certa \u201cfatica\u201d ad allinearsi a taluni ritmi di crescita imposti dai nuovi mercati internazionali agli stessi flussi turistici. Cos\u00ec, la diminuzione della competitivit\u00e0 alla quale sono sottoposte alcune localit\u00e0, meglio ancora alcune aree geografiche, iniziano ad essere studio per gli \u201cosservatori\u201d che spesso relazionano ed addebitano gli effetti intorno all\u2019assenza di pianificazione, in termini pi\u00f9 chiari: alla mancanza di far fronte, con efficienza e lungimiranza, ad una situazione che potremmo definire di stallo\u00bb, dice il sito dell&#8217;iniziativa.<\/p><\/blockquote>\n<p>Hanno appena aderito al salone di Assisi Cuba, Malta, Tunisia e Croazia (quasi il 70% dei Paesi ha fatto sapere che ci sar\u00e0), mentre sono gi\u00e0 oltre 100 i tour operatore che hanno confermato la loro presenza. \u00abDal 16 al 18 settembre 2011 torneremo nello splendido scenario di Palazzo Monte Frumentario e utilizzeremo anche gli spazi di Palazzo Vallemani, nel cuore della citt\u00e0 storica, valorizzando e consolidando il percorso espositivo collaudato nella prima edizione. Vogliamo rafforzare la peculiarit\u00e0 di questo prestigioso appuntamento di promozione internazionale che si presenta come un incontro-confronto reale e virtuale, capace di far vivere con tutti i sensi un&#8217;esperienza interattiva\u00bb, ha annunciato Claudio Ricci, sindaco di Assisi.<\/p>\n<p><strong>Il tema della seconda edizione <\/strong>del \u201cSalone mondiale del turismo dei siti Unesco\u201d sar\u00e0 il \u201cturismo consapevole\u201d e a questo sar\u00e0 anche dedicato un premio, \u201cTurismo Responsabile Italiano 2011\u201d, realizzato dal giornale \u201cL&#8217;Agenzia Viaggi\u201d in collaborazione con Wte, Enit Agenzia Italiana, Fiavet e Uftaa. In ogni caso, con 45 siti turistici, di cui 42 culturali e 3 naturali, l&#8217;Italia \u00e8 in testa alla classifica del World Heritage.<\/p>\n","protected":false},"excerpt":{"rendered":"<p>Salone mondiale del turismo dei siti Unesco ad Assisi dal 18 al 16 ottobre Dal 18 al 16 ottobre prossimi ad Assisi si terr&agrave; il &ldquo;Salone mondiale del turismo dei siti Unesco&rdquo;. Si tratta della seconda edizione di un incontro che mira a far discutere coloro che vivono in regioni che hanno zone che sono &#8230;<a class=\"post-readmore\" href=\"https:\/\/www.minicity.it\/blog\/2011\/06\/salone-mondiale-turismo-dei-siti-unesco-assisi\/\">read more<\/a><\/p>\n","protected":false},"author":1,"featured_media":0,"comment_status":"open","ping_status":"open","sticky":false,"template":"","format":"standard","meta":{"footnotes":""},"categories":[3],"tags":[5,23],"class_list":["post-1149","post","type-post","status-publish","format-standard","hentry","category-turismo","tag-notizie","tag-unesco"],"aioseo_notices":[],"_links":{"self":[{"href":"https:\/\/www.minicity.it\/blog\/wp-json\/wp\/v2\/posts\/1149","targetHints":{"allow":["GET"]}}],"collection":[{"href":"https:\/\/www.minicity.it\/blog\/wp-json\/wp\/v2\/posts"}],"about":[{"href":"https:\/\/www.minicity.it\/blog\/wp-json\/wp\/v2\/types\/post"}],"author":[{"embeddable":true,"href":"https:\/\/www.minicity.it\/blog\/wp-json\/wp\/v2\/users\/1"}],"replies":[{"embeddable":true,"href":"https:\/\/www.minicity.it\/blog\/wp-json\/wp\/v2\/comments?post=1149"}],"version-history":[{"count":0,"href":"https:\/\/www.minicity.it\/blog\/wp-json\/wp\/v2\/posts\/1149\/revisions"}],"wp:attachment":[{"href":"https:\/\/www.minicity.it\/blog\/wp-json\/wp\/v2\/media?parent=1149"}],"wp:term":[{"taxonomy":"category","embeddable":true,"href":"https:\/\/www.minicity.it\/blog\/wp-json\/wp\/v2\/categories?post=1149"},{"taxonomy":"post_tag","embeddable":true,"href":"https:\/\/www.minicity.it\/blog\/wp-json\/wp\/v2\/tags?post=1149"}],"curies":[{"name":"wp","href":"https:\/\/api.w.org\/{rel}","templated":true}]}}