{"id":1182,"date":"2011-06-29T08:51:07","date_gmt":"2011-06-29T08:51:07","guid":{"rendered":"https:\/\/www.minicity.it\/blog\/?p=1182"},"modified":"2011-06-29T08:51:07","modified_gmt":"2011-06-29T08:51:07","slug":"verucchio-festival-2011-dal-19-al-30-luglio","status":"publish","type":"post","link":"https:\/\/www.minicity.it\/blog\/2011\/06\/verucchio-festival-2011-dal-19-al-30-luglio\/","title":{"rendered":"Verucchio Festival 2011: dal 19 al 30 Luglio"},"content":{"rendered":"<p><a href=\"https:\/\/www.minicity.it\/blog\/wp-content\/uploads\/2011\/06\/verucchiofestival.jpg\"><img loading=\"lazy\" decoding=\"async\" class=\"alignleft size-full wp-image-1183\" title=\"verucchiofestival\" src=\"https:\/\/www.minicity.it\/blog\/wp-content\/uploads\/2011\/06\/verucchiofestival.jpg\" alt=\"\" width=\"200\" height=\"161\" \/><\/a>Ormai giunto alla ventisettesima edizione l&#8217;incontro \u00e8 diventato uno degli appuntamenti da non perdere dell&#8217;estate musicale italiana. <strong>Dal 19 al 30 luglio<\/strong>, l&#8217;antica culla dei Malatesta ospiter\u00e0 l&#8217;edizione numero 27 del <strong>Verucchio Festival<\/strong>.<\/p>\n<p>Verucchio, borgo medievale in provincia di Rimini, far\u00e0 da cornice ideale per una serie di eventi e concerti di tutto rispetto, con la solita formula del \u201cdue concerti per sera\u201d e sempre sotto la direzione artistica del maestro Ludovico Einaudi, pianista e compositore di livello internazionale che da sei anni \u00e8 l&#8217;anima del Festival, e che nel 2010 aveva presentato il suo &#8220;Nightbook&#8221;, album che da allora ha percorso con successo le strade del mondo.<\/p>\n<p>Una cornice splendida per un festival tra i pi\u00f9 suggestivi d\u2019Italia.<br \/>\nAl suo gusto e alle sue valutazioni artistiche \u00e8 come di consueto affidato il programma, che ha come punto fermo la ricerca della qualit\u00e0 musicale senza preclusioni, &#8220;perch\u00e9 il talento, l&#8217;originalit\u00e0, la capacit\u00e0 artistica&#8221; come aveva dichiarato l&#8217;anno scorso, &#8220;quando sono ai massimi livelli sanno farsi apprezzare e comunicare oltre i confini del genere&#8221;, specie in un luogo, come Verucchio, &#8220;di grande musicalit\u00e0, che favorisce la concentrazione&#8221;.<\/p>\n<p>\u00c8 anche per questo che, anno dopo anno, il Festival incontra il favore di un pubblico scelto e in crescita continua. Tra le conferme nel cartellone di quest&#8217;anno la formula del doppio concerto, caratteristica del Festival.<br \/>\nIl Festival propone scelte artistiche che hanno come filo conduttore la grande qualit\u00e0 musicale senza vincoli di genere perch\u00e8 il talento, l\u2019originalit\u00e0 e la capacit\u00e0 artistica quando sono ai massimi livelli, sanno farsi apprezzare e comunicare oltre i confini del genere.<br \/>\nCinque sere con doppio concerto, uno di seguito all\u2019altro: prima serata alle 21.30, in piazza della Collegiata con panorama sulla splendida Valmarecchia, a seguire, intorno alla mezzanotte il concerto nella suggestiva Rocca Malatestiana che domina la costa romagnola.<\/p>\n<p><strong>Il programma<\/strong> di questa edizione prevede grandi nomi della musica nazionale e internazionale, che si alterneranno sui palchi allestiti nel Sagrato della Chiesa della Collegiata e alla Rocca Malatestiana: il 19 alle 21.30 si esibiranno i Soulbop; alle 23.30 sar\u00e0 la volta dei Dakota Days. Venerd\u00ec 22 luglio alle 21.30 si esibiranno i Calibro 35 e alle 23.30, Agnes Obel.<br \/>\nMercoled\u00ec 27 luglio alle 21.30 salir\u00e0 sul palco Vinicio Capossela con il suo &#8220;Marinai, profeti e balene&#8221; e alle 23.30 sar\u00e0 la volta di Nils Frahm.<br \/>\nGioved\u00ec 28 luglio alle 21.30 arriva la musica di Tunng e alla stessa ora alla Rocca Malatestiana si potr\u00e0 ascoltare la musica dal vivo dei The Great Park.<br \/>\nConcluder\u00e0 l\u2019evento sabato 30 luglio alle 21.30 il direttore del Verucchio Festival, Ludovico Einaudi e l\u2019Orchestra dei virtuosi italiani e alle 23.30 alla Rocca Malatestiana gran festa finale con dj Robert Lippok.<\/p>\n<p>Il <strong>Verucchio Music Festival<\/strong> \u00e8 un evento imperdibile per gli amanti della musica e dei concerti dal vivo, che si svolge annualmente nel mese di luglio in questa splendida localit\u00e0 dell&#8217;entroterra riminese, ricca di storia e di bellezze naturali uniche.<br \/>\nL&#8217;obiettivo principale della manifestazione \u00e8 quello di proporre a tutti gli ospiti nuove esperienze musicali dove tutti gli artisti si esibiscono dal vivo e si uniscono al pubblico per assistere a tutti gli altri spettacoli.<\/p>\n","protected":false},"excerpt":{"rendered":"<p>Ormai giunto alla ventisettesima edizione l&rsquo;incontro &egrave; diventato uno degli appuntamenti da non perdere dell&rsquo;estate musicale italiana. Dal 19 al 30 luglio, l&rsquo;antica culla dei Malatesta ospiter&agrave; l&rsquo;edizione numero 27 del Verucchio Festival. Verucchio, borgo medievale in provincia di Rimini, far&agrave; da cornice ideale per una serie di eventi e concerti di tutto rispetto, con &#8230;<a class=\"post-readmore\" href=\"https:\/\/www.minicity.it\/blog\/2011\/06\/verucchio-festival-2011-dal-19-al-30-luglio\/\">read more<\/a><\/p>\n","protected":false},"author":1,"featured_media":0,"comment_status":"open","ping_status":"open","sticky":false,"template":"","format":"standard","meta":{"footnotes":""},"categories":[3],"tags":[39,33],"class_list":["post-1182","post","type-post","status-publish","format-standard","hentry","category-turismo","tag-concerti","tag-eventi-riviera"],"aioseo_notices":[],"_links":{"self":[{"href":"https:\/\/www.minicity.it\/blog\/wp-json\/wp\/v2\/posts\/1182","targetHints":{"allow":["GET"]}}],"collection":[{"href":"https:\/\/www.minicity.it\/blog\/wp-json\/wp\/v2\/posts"}],"about":[{"href":"https:\/\/www.minicity.it\/blog\/wp-json\/wp\/v2\/types\/post"}],"author":[{"embeddable":true,"href":"https:\/\/www.minicity.it\/blog\/wp-json\/wp\/v2\/users\/1"}],"replies":[{"embeddable":true,"href":"https:\/\/www.minicity.it\/blog\/wp-json\/wp\/v2\/comments?post=1182"}],"version-history":[{"count":0,"href":"https:\/\/www.minicity.it\/blog\/wp-json\/wp\/v2\/posts\/1182\/revisions"}],"wp:attachment":[{"href":"https:\/\/www.minicity.it\/blog\/wp-json\/wp\/v2\/media?parent=1182"}],"wp:term":[{"taxonomy":"category","embeddable":true,"href":"https:\/\/www.minicity.it\/blog\/wp-json\/wp\/v2\/categories?post=1182"},{"taxonomy":"post_tag","embeddable":true,"href":"https:\/\/www.minicity.it\/blog\/wp-json\/wp\/v2\/tags?post=1182"}],"curies":[{"name":"wp","href":"https:\/\/api.w.org\/{rel}","templated":true}]}}