{"id":1186,"date":"2011-06-29T10:48:14","date_gmt":"2011-06-29T10:48:14","guid":{"rendered":"https:\/\/www.minicity.it\/blog\/?p=1186"},"modified":"2011-06-29T10:48:14","modified_gmt":"2011-06-29T10:48:14","slug":"cesenatico-lunedi-e-giovedi-con-i-mercatini-gastronomici","status":"publish","type":"post","link":"https:\/\/www.minicity.it\/blog\/2011\/06\/cesenatico-lunedi-e-giovedi-con-i-mercatini-gastronomici\/","title":{"rendered":"Cesenatico: luned\u00ec e gioved\u00ec con i mercatini gastronomici&#8230;"},"content":{"rendered":"<p><a href=\"https:\/\/www.minicity.it\/blog\/wp-content\/uploads\/2011\/02\/prodottitipici.jpg\"><img loading=\"lazy\" decoding=\"async\" class=\"alignleft size-full wp-image-263\" title=\"prodottitipici\" src=\"https:\/\/www.minicity.it\/blog\/wp-content\/uploads\/2011\/02\/prodottitipici.jpg\" alt=\"\" width=\"200\" height=\"186\" \/><\/a>Arrivano delle novit\u00e0 durante le serate del luned\u00ec e gioved\u00ec a Cesenatico per l&#8217;estate 2011..<\/p>\n<p><strong>CESENATICO.<\/strong> Tornano i mercatini estivi ad allietare l&#8217;estate 2011 dei turisti in vacanza a Cesenatico. Durante il luned\u00ec e Gioved\u00ec ci sar\u00f2 il Mercatino delle Pulci e dell&#8217;Artigianato tradizionale, il Mercatino delle erbe salutari, oggetti vintage e dei prodotti alimentari tipici.<\/p>\n<p>Fra le novit\u00e0 che si andranno ad aggiungere per l&#8217;estate 2011, saranno le bancarelle che metteranno in esposizione prodotti tipici del territorio ogni luned\u00ec sera dal 6 Giugno al 12 Settembre insieme al mecatino delle Pulci e dell&#8217;Artigianato. Quindi tutti i luned\u00ec dalle ore 20:00 alle 24:00 si potranno trovare pezzi di antiquariato, creazioni artistiche, idee regalo e tanto altro arricchendo la passeggiata di Cesenatico.<\/p>\n<p>Nella serata del Gioved\u00ec invece ci sar\u00e0 il Mercatino delle erbe salutari che avr\u00e0 gli stessi orari del luned\u00ec ma con durata dal 23 di Giugno fino al 1\u00b0 Settembre. Qui si potranno trovare prodotti alimentari provenienti direttamente da madre natura.<\/p>\n<p>Tutto questo grazie all&#8217;iniziativa portata avanti da Confcommercio e la Cna di Cesenatico.<\/p>\n","protected":false},"excerpt":{"rendered":"<p>Arrivano delle novit&agrave; durante le serate del luned&igrave; e gioved&igrave; a Cesenatico per l&rsquo;estate 2011.. CESENATICO. Tornano i mercatini estivi ad allietare l&rsquo;estate 2011 dei turisti in vacanza a Cesenatico. Durante il luned&igrave; e Gioved&igrave; ci sar&ograve; il Mercatino delle Pulci e dell&rsquo;Artigianato tradizionale, il Mercatino delle erbe salutari, oggetti vintage e dei prodotti alimentari &#8230;<a class=\"post-readmore\" href=\"https:\/\/www.minicity.it\/blog\/2011\/06\/cesenatico-lunedi-e-giovedi-con-i-mercatini-gastronomici\/\">read more<\/a><\/p>\n","protected":false},"author":1,"featured_media":0,"comment_status":"open","ping_status":"open","sticky":false,"template":"","format":"standard","meta":{"footnotes":""},"categories":[3],"tags":[38,33],"class_list":["post-1186","post","type-post","status-publish","format-standard","hentry","category-turismo","tag-cesenatico","tag-eventi-riviera"],"aioseo_notices":[],"_links":{"self":[{"href":"https:\/\/www.minicity.it\/blog\/wp-json\/wp\/v2\/posts\/1186","targetHints":{"allow":["GET"]}}],"collection":[{"href":"https:\/\/www.minicity.it\/blog\/wp-json\/wp\/v2\/posts"}],"about":[{"href":"https:\/\/www.minicity.it\/blog\/wp-json\/wp\/v2\/types\/post"}],"author":[{"embeddable":true,"href":"https:\/\/www.minicity.it\/blog\/wp-json\/wp\/v2\/users\/1"}],"replies":[{"embeddable":true,"href":"https:\/\/www.minicity.it\/blog\/wp-json\/wp\/v2\/comments?post=1186"}],"version-history":[{"count":0,"href":"https:\/\/www.minicity.it\/blog\/wp-json\/wp\/v2\/posts\/1186\/revisions"}],"wp:attachment":[{"href":"https:\/\/www.minicity.it\/blog\/wp-json\/wp\/v2\/media?parent=1186"}],"wp:term":[{"taxonomy":"category","embeddable":true,"href":"https:\/\/www.minicity.it\/blog\/wp-json\/wp\/v2\/categories?post=1186"},{"taxonomy":"post_tag","embeddable":true,"href":"https:\/\/www.minicity.it\/blog\/wp-json\/wp\/v2\/tags?post=1186"}],"curies":[{"name":"wp","href":"https:\/\/api.w.org\/{rel}","templated":true}]}}