{"id":1212,"date":"2011-07-06T11:59:12","date_gmt":"2011-07-06T11:59:12","guid":{"rendered":"https:\/\/www.minicity.it\/blog\/?p=1212"},"modified":"2012-09-13T15:05:13","modified_gmt":"2012-09-13T15:05:13","slug":"cesare-cremonini-a-cattolica","status":"publish","type":"post","link":"https:\/\/www.minicity.it\/blog\/2011\/07\/cesare-cremonini-a-cattolica\/","title":{"rendered":"Cesare Cremonini a Cattolica"},"content":{"rendered":"<p><a href=\"https:\/\/www.minicity.it\/blog\/wp-content\/uploads\/2011\/07\/cesarecremoninicattolica.jpg\"><img loading=\"lazy\" decoding=\"async\" class=\"alignleft size-full wp-image-1214\" style=\"margin: 5px 20px;\" title=\"cesarecremoninicattolica\" src=\"https:\/\/www.minicity.it\/blog\/wp-content\/uploads\/2011\/07\/cesarecremoninicattolica.jpg\" alt=\"\" width=\"200\" height=\"240\" \/><\/a>Dopo aver saltato il concerto con Ricky Martin che si doveva tenere in occasione della Notte Rosa, l&#8217;Arena di Cattolica ci riprova con Cesare Cremonini.<\/p>\n<p><strong>CATTOLICA.<\/strong> Nella serata di oggi alle ore 21, il cantante bolognese salir\u00e0 sul palco dell&#8217;Arena di Cattolica lanciando il primo dei tanti eventi in programma durante l&#8217;estate. Sar\u00e0 il primo evento che dar\u00e0 il via a una serie di appuntamenti:<\/p>\n<ol>\n<li>sabato 9 Luglio appuntamento con i SubSonica<\/li>\n<li>domenica 17 Luglio appuntamento con il gruppo dei Jethro Tull<\/li>\n<li>sabato 6 Agosto appuntamento con Maurizio Crozza<\/li>\n<\/ol>\n<p>Appuntamenti che vogliono riprendere i gusti di diverse tipologie di pubblico, partendo dai giovani, a chi ama la storia del Rock e a chi ama la satira intelligente, spiega l&#8217;assessore alla Cultura Anna Sanchi che insieme al sindaco Piero Cecchini hanno dato il benvenuto a Cesare Cremonini.<\/p>\n<p>Eventi che sicuramente faranno bene per il <a title=\"alberghi e hotel a Cattolica\" href=\"https:\/\/www.minicity.it\/hotel-cattolica.html\" target=\"_blank\">turismo di Cattolica<\/a><\/p>\n","protected":false},"excerpt":{"rendered":"<p>Dopo aver saltato il concerto con Ricky Martin che si doveva tenere in occasione della Notte Rosa, l&rsquo;Arena di Cattolica ci riprova con Cesare Cremonini. CATTOLICA. Nella serata di oggi alle ore 21, il cantante bolognese salir&agrave; sul palco dell&rsquo;Arena di Cattolica lanciando il primo dei tanti eventi in programma durante l&rsquo;estate. Sar&agrave; il primo &#8230;<a class=\"post-readmore\" href=\"https:\/\/www.minicity.it\/blog\/2011\/07\/cesare-cremonini-a-cattolica\/\">read more<\/a><\/p>\n","protected":false},"author":1,"featured_media":0,"comment_status":"open","ping_status":"open","sticky":false,"template":"","format":"standard","meta":{"footnotes":""},"categories":[3],"tags":[37,33],"class_list":["post-1212","post","type-post","status-publish","format-standard","hentry","category-turismo","tag-cattolica","tag-eventi-riviera"],"aioseo_notices":[],"_links":{"self":[{"href":"https:\/\/www.minicity.it\/blog\/wp-json\/wp\/v2\/posts\/1212","targetHints":{"allow":["GET"]}}],"collection":[{"href":"https:\/\/www.minicity.it\/blog\/wp-json\/wp\/v2\/posts"}],"about":[{"href":"https:\/\/www.minicity.it\/blog\/wp-json\/wp\/v2\/types\/post"}],"author":[{"embeddable":true,"href":"https:\/\/www.minicity.it\/blog\/wp-json\/wp\/v2\/users\/1"}],"replies":[{"embeddable":true,"href":"https:\/\/www.minicity.it\/blog\/wp-json\/wp\/v2\/comments?post=1212"}],"version-history":[{"count":0,"href":"https:\/\/www.minicity.it\/blog\/wp-json\/wp\/v2\/posts\/1212\/revisions"}],"wp:attachment":[{"href":"https:\/\/www.minicity.it\/blog\/wp-json\/wp\/v2\/media?parent=1212"}],"wp:term":[{"taxonomy":"category","embeddable":true,"href":"https:\/\/www.minicity.it\/blog\/wp-json\/wp\/v2\/categories?post=1212"},{"taxonomy":"post_tag","embeddable":true,"href":"https:\/\/www.minicity.it\/blog\/wp-json\/wp\/v2\/tags?post=1212"}],"curies":[{"name":"wp","href":"https:\/\/api.w.org\/{rel}","templated":true}]}}