{"id":1258,"date":"2011-07-14T12:28:57","date_gmt":"2011-07-14T12:28:57","guid":{"rendered":"https:\/\/www.minicity.it\/blog\/?p=1258"},"modified":"2011-07-14T12:28:57","modified_gmt":"2011-07-14T12:28:57","slug":"montefiore-sogno-destate-2011-la-rocca-apre-oggi","status":"publish","type":"post","link":"https:\/\/www.minicity.it\/blog\/2011\/07\/montefiore-sogno-destate-2011-la-rocca-apre-oggi\/","title":{"rendered":"Montefiore, Sogno d&#8217;estate 2011: la Rocca apre oggi!"},"content":{"rendered":"<p><a href=\"https:\/\/www.minicity.it\/blog\/wp-content\/uploads\/2011\/07\/sognoestate2011.jpg\"><img loading=\"lazy\" decoding=\"async\" class=\"alignleft size-full wp-image-1259\" title=\"sognoestate2011\" src=\"https:\/\/www.minicity.it\/blog\/wp-content\/uploads\/2011\/07\/sognoestate2011.jpg\" alt=\"\" width=\"200\" height=\"175\" \/><\/a>Oggi alle ore 19 verr\u00e0 inaugurata la mostra &#8220;Terre d&#8217;altrove-le xilografie&#8221;\u00a0 presso la Rocca di Montefiore&#8230;<\/p>\n<p><strong>MONTEFIORE. <\/strong>Inaugurazione presso la Rocca dell&#8217;iniziativa <strong>Sogno d&#8217;estate 2011<\/strong> insieme alla mostra &#8220;Terre d&#8217;altrove-le xilografie&#8221; organizzata da &#8220;Opificio della Rosa&#8221;. La mostra sar\u00e0 disponibile fino al 13 Agosto dove si potranno ammirare le opere di Mirjan Brukner.<\/p>\n<p>Venerd\u00ec, in piazza della Libert\u00e0 alle ore 21:30 ci sar\u00e0 lo spettacolo &#8220;Sogno di una notte italiana di mezza estate&#8221;, dove si dar\u00e0 spazio alla lirica con opere e brani d&#8217;autore del 900.<\/p>\n<p>Sabato sempre in piazza della Libert\u00e0 alle ore 21:30 si baller\u00e0 con &#8220;Musica in Piazza&#8221;, evento organizzato dalla Pro Loco.<\/p>\n<p>Domenica 17 Luglio si concluder\u00e0 Sogno d&#8217;estate 2011 con il raduno delle Fiat 500, evento organizzato da 500 club Italia delle province di Pesaro e Ancona con inizio alle ore 11:30&#8230;.<\/p>\n","protected":false},"excerpt":{"rendered":"<p>Oggi alle ore 19 verr&agrave; inaugurata la mostra &ldquo;Terre d&rsquo;altrove-le xilografie&rdquo;&nbsp; presso la Rocca di Montefiore&hellip; MONTEFIORE. Inaugurazione presso la Rocca dell&rsquo;iniziativa Sogno d&rsquo;estate 2011 insieme alla mostra &ldquo;Terre d&rsquo;altrove-le xilografie&rdquo; organizzata da &ldquo;Opificio della Rosa&rdquo;. La mostra sar&agrave; disponibile fino al 13 Agosto dove si potranno ammirare le opere di Mirjan Brukner. Venerd&igrave;, in &#8230;<a class=\"post-readmore\" href=\"https:\/\/www.minicity.it\/blog\/2011\/07\/montefiore-sogno-destate-2011-la-rocca-apre-oggi\/\">read more<\/a><\/p>\n","protected":false},"author":1,"featured_media":0,"comment_status":"open","ping_status":"open","sticky":false,"template":"","format":"standard","meta":{"footnotes":""},"categories":[3],"tags":[37,33],"class_list":["post-1258","post","type-post","status-publish","format-standard","hentry","category-turismo","tag-cattolica","tag-eventi-riviera"],"aioseo_notices":[],"_links":{"self":[{"href":"https:\/\/www.minicity.it\/blog\/wp-json\/wp\/v2\/posts\/1258","targetHints":{"allow":["GET"]}}],"collection":[{"href":"https:\/\/www.minicity.it\/blog\/wp-json\/wp\/v2\/posts"}],"about":[{"href":"https:\/\/www.minicity.it\/blog\/wp-json\/wp\/v2\/types\/post"}],"author":[{"embeddable":true,"href":"https:\/\/www.minicity.it\/blog\/wp-json\/wp\/v2\/users\/1"}],"replies":[{"embeddable":true,"href":"https:\/\/www.minicity.it\/blog\/wp-json\/wp\/v2\/comments?post=1258"}],"version-history":[{"count":0,"href":"https:\/\/www.minicity.it\/blog\/wp-json\/wp\/v2\/posts\/1258\/revisions"}],"wp:attachment":[{"href":"https:\/\/www.minicity.it\/blog\/wp-json\/wp\/v2\/media?parent=1258"}],"wp:term":[{"taxonomy":"category","embeddable":true,"href":"https:\/\/www.minicity.it\/blog\/wp-json\/wp\/v2\/categories?post=1258"},{"taxonomy":"post_tag","embeddable":true,"href":"https:\/\/www.minicity.it\/blog\/wp-json\/wp\/v2\/tags?post=1258"}],"curies":[{"name":"wp","href":"https:\/\/api.w.org\/{rel}","templated":true}]}}