{"id":1314,"date":"2011-07-26T08:42:22","date_gmt":"2011-07-26T08:42:22","guid":{"rendered":"https:\/\/www.minicity.it\/blog\/?p=1314"},"modified":"2011-07-26T08:42:22","modified_gmt":"2011-07-26T08:42:22","slug":"i-subsonica-in-concerto-a-ravenna","status":"publish","type":"post","link":"https:\/\/www.minicity.it\/blog\/2011\/07\/i-subsonica-in-concerto-a-ravenna\/","title":{"rendered":"I Subsonica in concerto a Ravenna"},"content":{"rendered":"<p><strong><a href=\"https:\/\/www.minicity.it\/blog\/wp-content\/uploads\/2011\/07\/subsonica.jpg\"><img loading=\"lazy\" decoding=\"async\" class=\"alignleft size-full wp-image-1315\" title=\"subsonica\" src=\"https:\/\/www.minicity.it\/blog\/wp-content\/uploads\/2011\/07\/subsonica.jpg\" alt=\"\" width=\"200\" height=\"193\" \/><\/a>I Subsonica<\/strong> si esibiranno a <strong>Ravenna il 9 settembre<\/strong> prossimo alla grande Festa del Pd. Si tratta di un grosso evento, considerando che il precedente tour primaverile della band \u00e8 stato un successo: sold out, 90mila presenze per 11 date in tutta Italia. Il nuovo album della band torinese, Eden, \u00e8 uscito, infatti, a marzo e ha vinto un disco d&#8217;oro. I Subsonica sono nati a Torino nel 1996 e sono gi\u00e0 al loro sesto album: inizialmente erano in sei, oggi sono in cinque elementi.<\/p>\n<p>Per informazioni telefonare al numero 336.694414.<\/p>\n<p><strong>Dove:<\/strong> Ravenna, festa del Pd<\/p>\n<p><strong>Quando<\/strong>: 9 settembre<\/p>\n<p><strong>Costo<\/strong>: 20 euro (posto unico)<\/p>\n","protected":false},"excerpt":{"rendered":"<p>I Subsonica si esibiranno a Ravenna il 9 settembre prossimo alla grande Festa del Pd. Si tratta di un grosso evento, considerando che il precedente tour primaverile della band &egrave; stato un successo: sold out, 90mila presenze per 11 date in tutta Italia. Il nuovo album della band torinese, Eden, &egrave; uscito, infatti, a marzo &#8230;<a class=\"post-readmore\" href=\"https:\/\/www.minicity.it\/blog\/2011\/07\/i-subsonica-in-concerto-a-ravenna\/\">read more<\/a><\/p>\n","protected":false},"author":1,"featured_media":0,"comment_status":"open","ping_status":"open","sticky":false,"template":"","format":"standard","meta":{"footnotes":""},"categories":[3],"tags":[39,33],"class_list":["post-1314","post","type-post","status-publish","format-standard","hentry","category-turismo","tag-concerti","tag-eventi-riviera"],"aioseo_notices":[],"_links":{"self":[{"href":"https:\/\/www.minicity.it\/blog\/wp-json\/wp\/v2\/posts\/1314","targetHints":{"allow":["GET"]}}],"collection":[{"href":"https:\/\/www.minicity.it\/blog\/wp-json\/wp\/v2\/posts"}],"about":[{"href":"https:\/\/www.minicity.it\/blog\/wp-json\/wp\/v2\/types\/post"}],"author":[{"embeddable":true,"href":"https:\/\/www.minicity.it\/blog\/wp-json\/wp\/v2\/users\/1"}],"replies":[{"embeddable":true,"href":"https:\/\/www.minicity.it\/blog\/wp-json\/wp\/v2\/comments?post=1314"}],"version-history":[{"count":0,"href":"https:\/\/www.minicity.it\/blog\/wp-json\/wp\/v2\/posts\/1314\/revisions"}],"wp:attachment":[{"href":"https:\/\/www.minicity.it\/blog\/wp-json\/wp\/v2\/media?parent=1314"}],"wp:term":[{"taxonomy":"category","embeddable":true,"href":"https:\/\/www.minicity.it\/blog\/wp-json\/wp\/v2\/categories?post=1314"},{"taxonomy":"post_tag","embeddable":true,"href":"https:\/\/www.minicity.it\/blog\/wp-json\/wp\/v2\/tags?post=1314"}],"curies":[{"name":"wp","href":"https:\/\/api.w.org\/{rel}","templated":true}]}}