{"id":1327,"date":"2011-07-27T10:17:06","date_gmt":"2011-07-27T10:17:06","guid":{"rendered":"https:\/\/www.minicity.it\/blog\/?p=1327"},"modified":"2011-07-27T10:17:06","modified_gmt":"2011-07-27T10:17:06","slug":"eventi-a-riccione-radio-deejay-concerti","status":"publish","type":"post","link":"https:\/\/www.minicity.it\/blog\/2011\/07\/eventi-a-riccione-radio-deejay-concerti\/","title":{"rendered":"Eventi a Riccione: continua lo storico sodalizio con Radio Deejay"},"content":{"rendered":"<p><a href=\"https:\/\/www.minicity.it\/blog\/wp-content\/uploads\/2011\/07\/radiodeejay.jpg\"><img loading=\"lazy\" decoding=\"async\" class=\"alignleft size-full wp-image-1328\" title=\"radiodeejay\" src=\"https:\/\/www.minicity.it\/blog\/wp-content\/uploads\/2011\/07\/radiodeejay.jpg\" alt=\"\" width=\"200\" height=\"200\" \/><\/a>Continua lo storico sodalizio che esiste da anni tra la <strong>citt\u00e0 di Riccione e Radio Deejay<\/strong>: la famosa emittente radiofonica \u00e8 in riviera romagnola anche per l\u2019estate 2011 con una serie di imperdibili appuntamenti.<\/p>\n<p>Come ogni estate alcuni degli speaker di Radio Deejay sono approdati a Riccione, nello spazio collocato in viale Ceccarini, per condurre la versione estiva del loro programma. In particolare la dj La Pina e Diego sono stati gli speaker protagonisti dei pomeriggi romagnoli <strong>fino al 30 luglio<\/strong> e Andrea e Michele con Domenico Nesci sarano i mattatori radiofonici dal 1\u00b0 al 20 agosto. Per l\u2019estate 2011, Radio Deejay organizzer\u00e0, come per le passate edizioni, alcuni concerti gratuiti in piazzale Roma.<\/p>\n<p><strong>La novit\u00e0 di quest\u2019anno<\/strong> consiste in uno spettacolo di cabaret tutto da ridere e due big della canzone italiana apprezzati da giovani e meno giovani: l\u2019<strong>8 agosto<\/strong> si comincia con il concerto di Caparezza, nome d&#8217;arte di Michele Salvemini, cantautore e rapper nata a Molfetta, che si \u00e8 fatto apprezzare dal grande pubblico con la partecipazione al Festival di Sanremo nel 1995 con la canzone \u201cE la notte se ne va\u201d, nella categoria nuove proposte.<\/p>\n<p><strong>Il 14 agosto<\/strong>, sul palco allestino in piazzale Roma si ride con I Turbolenti, un quartetto comico-cabarettistico italiano, nato nel 1998 a Milano e approdato alla trasmissione televesiva Colorado Caf\u00e8.<br \/>\nNei loro spettacoli trasuda la simpatia dei quattro componenti, la semplicit\u00e0 del loro modo di fare comicit\u00e0, la musica e i costumi che accompagnano le loro storie. Resterete affascinati dal loro talento e dalla loro straordinaria capacit\u00e0 di integrarsi l&#8217;uno con l&#8217;altro con ritmo e sincronia.<\/p>\n<p><strong>Il 18 agosto<\/strong>, invece, si canta con una delle band che ha fatto pi\u00f9 parlare di s\u00e8 negli ultimi tempi: i Mod\u00e0, la band formata da Francesco &#8220;Kekko&#8221; Silvestre (voce), Enrico Zapparoli (chitarra acustica), Diego Arrigoni (chitarra elettrica), Stefano Forcella (basso) e Claudio Dirani (batteria).<\/p>\n","protected":false},"excerpt":{"rendered":"<p>Continua lo storico sodalizio che esiste da anni tra la citt&agrave; di Riccione e Radio Deejay: la famosa emittente radiofonica &egrave; in riviera romagnola anche per l&rsquo;estate 2011 con una serie di imperdibili appuntamenti. Come ogni estate alcuni degli speaker di Radio Deejay sono approdati a Riccione, nello spazio collocato in viale Ceccarini, per condurre &#8230;<a class=\"post-readmore\" href=\"https:\/\/www.minicity.it\/blog\/2011\/07\/eventi-a-riccione-radio-deejay-concerti\/\">read more<\/a><\/p>\n","protected":false},"author":1,"featured_media":0,"comment_status":"open","ping_status":"open","sticky":false,"template":"","format":"standard","meta":{"footnotes":""},"categories":[3],"tags":[39,33,34],"class_list":["post-1327","post","type-post","status-publish","format-standard","hentry","category-turismo","tag-concerti","tag-eventi-riviera","tag-riccione"],"aioseo_notices":[],"_links":{"self":[{"href":"https:\/\/www.minicity.it\/blog\/wp-json\/wp\/v2\/posts\/1327","targetHints":{"allow":["GET"]}}],"collection":[{"href":"https:\/\/www.minicity.it\/blog\/wp-json\/wp\/v2\/posts"}],"about":[{"href":"https:\/\/www.minicity.it\/blog\/wp-json\/wp\/v2\/types\/post"}],"author":[{"embeddable":true,"href":"https:\/\/www.minicity.it\/blog\/wp-json\/wp\/v2\/users\/1"}],"replies":[{"embeddable":true,"href":"https:\/\/www.minicity.it\/blog\/wp-json\/wp\/v2\/comments?post=1327"}],"version-history":[{"count":0,"href":"https:\/\/www.minicity.it\/blog\/wp-json\/wp\/v2\/posts\/1327\/revisions"}],"wp:attachment":[{"href":"https:\/\/www.minicity.it\/blog\/wp-json\/wp\/v2\/media?parent=1327"}],"wp:term":[{"taxonomy":"category","embeddable":true,"href":"https:\/\/www.minicity.it\/blog\/wp-json\/wp\/v2\/categories?post=1327"},{"taxonomy":"post_tag","embeddable":true,"href":"https:\/\/www.minicity.it\/blog\/wp-json\/wp\/v2\/tags?post=1327"}],"curies":[{"name":"wp","href":"https:\/\/api.w.org\/{rel}","templated":true}]}}