{"id":1333,"date":"2011-07-27T10:58:28","date_gmt":"2011-07-27T10:58:28","guid":{"rendered":"https:\/\/www.minicity.it\/blog\/?p=1333"},"modified":"2011-07-27T10:58:28","modified_gmt":"2011-07-27T10:58:28","slug":"diminuisce-il-turismo-del-fascio-a-predappio","status":"publish","type":"post","link":"https:\/\/www.minicity.it\/blog\/2011\/07\/diminuisce-il-turismo-del-fascio-a-predappio\/","title":{"rendered":"Diminuisce il turismo del \u201cfascio\u201d a Predappio"},"content":{"rendered":"<p>Nel 2011 anche il paese del Duce, in provincia di Forl\u00ec-Cesena, ha visto un calo dei turisti. Ora si aspetta il 31 luglio per verificare se ci sono degli arrivi:<\/p>\n<blockquote><p>\u00abCelebreremo la \u201cFesta della nascita del Duce\u201d. Alle 10,30 ci sar\u00e0 la marcia, dalla Chiesa di San Antonio fino al cimitero. Verr\u00e0 portata in spalla una croce, lunga 5 metri, che depositeremo davanti alla cripta dove riposa il capo del fascismo. Sar\u00e0 recitato il rosario e poi via libera ai \u201ccamerateschi\u201d festeggiamenti, con vino nero\u00bb, racconta Domenico Morosini, proprietario di Villa Mussolini, la casa natale del Duce ad Adnkronos.<\/p><\/blockquote>\n<p>Ai festeggiamenti seguir\u00e0 un pranzo alla Villa Mussolini <em>\u00abAbbiamo organizzato un pranzo come faceva donna Rachele. Il menu prevede tagliatelle, porchetta, pomodori e altre e specialit\u00e0 romagnole, innaffiate da &#8216;vino nero&#8217;, rigorosamente imbottigliato a Predappio\u00bb<\/em>, dice la moglie di Morosini.<\/p>\n<p>A confermare il calo di presenze turistiche a Predappio c&#8217;\u00e8 anche Pierluigi Pompignoli, del negozio di souvenir legati al fascismo che si trova in citt\u00e0, il \u201cPredappio Tricolore souvenir\u201d: \u00abLa gente va al mare: aspettiamo fine luglio per gli arrivi dei turisti\u00bb.<\/p>\n<p>Ciononostante il sindaco di Predappio, Giorgio Frassineti, dice no al turismo \u201cnero\u201d: \u00abIl nostro \u00e8 un paese noto per aver dato i natali a Mussolini, ma questo non significa che i turisti debbano per forza avere la camicia nera (\u2026) Ma oggi dovremmo ancora vedere chi si veste in maniera strana, sfilando per le nostre strade? Non \u00e8 questo tipo di turismo l&#8217;economia trainante di una cittadina che conta 6.500 abitanti e ha 620 partite Iva. La forza di Predappio \u00e8 la sua notoriet\u00e0 che si deve pero&#8217; utilizzare in modo positivo. Conoscendo la storia di Predappio, bisogna fare in modo che certe cose non avvengano pi\u00f9\u00bb.<\/p>\n","protected":false},"excerpt":{"rendered":"<p>Nel 2011 anche il paese del Duce, in provincia di Forl&igrave;-Cesena, ha visto un calo dei turisti. Ora si aspetta il 31 luglio per verificare se ci sono degli arrivi: &laquo;Celebreremo la &ldquo;Festa della nascita del Duce&rdquo;. Alle 10,30 ci sar&agrave; la marcia, dalla Chiesa di San Antonio fino al cimitero. Verr&agrave; portata in spalla &#8230;<a class=\"post-readmore\" href=\"https:\/\/www.minicity.it\/blog\/2011\/07\/diminuisce-il-turismo-del-fascio-a-predappio\/\">read more<\/a><\/p>\n","protected":false},"author":1,"featured_media":0,"comment_status":"open","ping_status":"open","sticky":false,"template":"","format":"standard","meta":{"footnotes":""},"categories":[3],"tags":[24,5],"class_list":["post-1333","post","type-post","status-publish","format-standard","hentry","category-turismo","tag-forli-cesena","tag-notizie"],"aioseo_notices":[],"_links":{"self":[{"href":"https:\/\/www.minicity.it\/blog\/wp-json\/wp\/v2\/posts\/1333","targetHints":{"allow":["GET"]}}],"collection":[{"href":"https:\/\/www.minicity.it\/blog\/wp-json\/wp\/v2\/posts"}],"about":[{"href":"https:\/\/www.minicity.it\/blog\/wp-json\/wp\/v2\/types\/post"}],"author":[{"embeddable":true,"href":"https:\/\/www.minicity.it\/blog\/wp-json\/wp\/v2\/users\/1"}],"replies":[{"embeddable":true,"href":"https:\/\/www.minicity.it\/blog\/wp-json\/wp\/v2\/comments?post=1333"}],"version-history":[{"count":0,"href":"https:\/\/www.minicity.it\/blog\/wp-json\/wp\/v2\/posts\/1333\/revisions"}],"wp:attachment":[{"href":"https:\/\/www.minicity.it\/blog\/wp-json\/wp\/v2\/media?parent=1333"}],"wp:term":[{"taxonomy":"category","embeddable":true,"href":"https:\/\/www.minicity.it\/blog\/wp-json\/wp\/v2\/categories?post=1333"},{"taxonomy":"post_tag","embeddable":true,"href":"https:\/\/www.minicity.it\/blog\/wp-json\/wp\/v2\/tags?post=1333"}],"curies":[{"name":"wp","href":"https:\/\/api.w.org\/{rel}","templated":true}]}}