{"id":1339,"date":"2011-07-27T11:58:39","date_gmt":"2011-07-27T11:58:39","guid":{"rendered":"https:\/\/www.minicity.it\/blog\/?p=1339"},"modified":"2011-07-27T11:58:39","modified_gmt":"2011-07-27T11:58:39","slug":"montecopiolo-vuole-tornare-in-romagna","status":"publish","type":"post","link":"https:\/\/www.minicity.it\/blog\/2011\/07\/montecopiolo-vuole-tornare-in-romagna\/","title":{"rendered":"Montecopiolo vuole tornare in Romagna"},"content":{"rendered":"<p>Una delegazione di cittadini di Montecopiolo, paesino di 1250 abitanti in provincia di Pesaro-Urbino ha organizzato una vera e propria manifestazione di fronte all&#8217;Assemblea Legislativa delle Marche per chiedere alla Regione nientepopodimeno che la secessione.<\/p>\n<p>Al grido di \u00abVogliamo tornare a casa\u00bb, cio\u00e8 in Romagna, i cittadini hanno organizzato un corteo con sit-in. Anche a Montecopiolo, infatti, nel 2007 i cittadini votarono il referendum per decidere a quale regione (Emilia-Romagna o Marche) appartenere: andarono alle urne il 74% dei montecopiolesi e l&#8217;84% di questo ha detto \u201cs\u00ec\u201d al passaggio in Emilia-Romagna \u2013 nella provincia di Rimini \u2013 come tanti altri comuni della Valmarecchia fecero in quel periodo. Se tutti gli altri comuni hanno completato il percorso e si sono \u201ctrasferiti\u201d in Emilia-Romagna, Montecopiolo sta ancora aspettando le decisioni di Marche e Emilia-Romagna.<\/p>\n<p>\u00abIn Emilia Romagna il parere \u00e8 passato per un paio di commissioni, ma non abbiamo ricevuto risposte n\u00e9 dalla provincia, n\u00e9 dal presidente della Regione Spacca. (\u2026) Non siamo di serie B. Non abbiamo niente contro le Marche ma noi non siamo marchigiani. E rimanere nelle Marche \u00e8 fonte di disagi per la frequentazione delle scuole e per i servizi\u00bb, hanno spiegato i cittadini di Montecopiolo che lamentano anche che dalla <a href=\"https:\/\/www.minicity.it\/ita\/marche\/index.html\">Regione Marche<\/a> non hanno voluto riceverli.<\/p>\n<p>Durante la manifestazione \u00e8 stato celebrato il funerale della democrazia, con tanto di bara e corone e manifesti contro i due presidenti interessanti: Gian Mario Spacca per la Regione Marche e Vasco Errani per la regione Emilia-Romagna. Tra tutti i manifesti spiccava: \u00abRisposte antipatiche da Regioni democratiche\u00bb.<\/p>\n","protected":false},"excerpt":{"rendered":"<p>Una delegazione di cittadini di Montecopiolo, paesino di 1250 abitanti in provincia di Pesaro-Urbino ha organizzato una vera e propria manifestazione di fronte all&rsquo;Assemblea Legislativa delle Marche per chiedere alla Regione nientepopodimeno che la secessione. Al grido di &laquo;Vogliamo tornare a casa&raquo;, cio&egrave; in Romagna, i cittadini hanno organizzato un corteo con sit-in. Anche a &#8230;<a class=\"post-readmore\" href=\"https:\/\/www.minicity.it\/blog\/2011\/07\/montecopiolo-vuole-tornare-in-romagna\/\">read more<\/a><\/p>\n","protected":false},"author":1,"featured_media":0,"comment_status":"open","ping_status":"open","sticky":false,"template":"","format":"standard","meta":{"footnotes":""},"categories":[3],"tags":[25,5],"class_list":["post-1339","post","type-post","status-publish","format-standard","hentry","category-turismo","tag-entroterra-riviera","tag-notizie"],"aioseo_notices":[],"_links":{"self":[{"href":"https:\/\/www.minicity.it\/blog\/wp-json\/wp\/v2\/posts\/1339","targetHints":{"allow":["GET"]}}],"collection":[{"href":"https:\/\/www.minicity.it\/blog\/wp-json\/wp\/v2\/posts"}],"about":[{"href":"https:\/\/www.minicity.it\/blog\/wp-json\/wp\/v2\/types\/post"}],"author":[{"embeddable":true,"href":"https:\/\/www.minicity.it\/blog\/wp-json\/wp\/v2\/users\/1"}],"replies":[{"embeddable":true,"href":"https:\/\/www.minicity.it\/blog\/wp-json\/wp\/v2\/comments?post=1339"}],"version-history":[{"count":0,"href":"https:\/\/www.minicity.it\/blog\/wp-json\/wp\/v2\/posts\/1339\/revisions"}],"wp:attachment":[{"href":"https:\/\/www.minicity.it\/blog\/wp-json\/wp\/v2\/media?parent=1339"}],"wp:term":[{"taxonomy":"category","embeddable":true,"href":"https:\/\/www.minicity.it\/blog\/wp-json\/wp\/v2\/categories?post=1339"},{"taxonomy":"post_tag","embeddable":true,"href":"https:\/\/www.minicity.it\/blog\/wp-json\/wp\/v2\/tags?post=1339"}],"curies":[{"name":"wp","href":"https:\/\/api.w.org\/{rel}","templated":true}]}}