{"id":1345,"date":"2011-07-27T13:05:14","date_gmt":"2011-07-27T13:05:14","guid":{"rendered":"https:\/\/www.minicity.it\/blog\/?p=1345"},"modified":"2011-07-27T13:05:14","modified_gmt":"2011-07-27T13:05:14","slug":"cattolica-porto-in-festa-con-le-vongole","status":"publish","type":"post","link":"https:\/\/www.minicity.it\/blog\/2011\/07\/cattolica-porto-in-festa-con-le-vongole\/","title":{"rendered":"Cattolica: Porto in festa con le vongole"},"content":{"rendered":"<p><a href=\"https:\/\/www.minicity.it\/blog\/wp-content\/uploads\/2011\/07\/nottemagicavongole.jpg\"><img loading=\"lazy\" decoding=\"async\" class=\"alignleft size-full wp-image-1346\" title=\"nottemagicavongole\" src=\"https:\/\/www.minicity.it\/blog\/wp-content\/uploads\/2011\/07\/nottemagicavongole.jpg\" alt=\"\" width=\"200\" height=\"188\" \/><\/a>Uno degli appuntamenti importanti dell&#8217;estate a Cattolica \u00e8 &#8220;la notte Magica delle Vongole&#8221;&#8230;<\/p>\n<p><strong>CATTOLICA.<\/strong> Durante la giornata di Sabato 30 Luglio, nella citt\u00e0 della Regina si festegger\u00e0 fino all&#8217;alba con musica e degustazioni. Un programma ricco di eventi che allieter\u00e0 la vacanza a partire dalle ore 18:00 con i &#8220;Mille modi di gustare le vongole&#8221;. Dopo il primo appuntamento si continuer\u00e0 con &#8220;Dino Gnassi Corporation&#8221; alle 20:30. Alle 21:15 appuntamento con &#8220;la magica riviera&#8230; si racconta&#8221;, dove andr\u00e0 in diretta su Rete 8 Vga. A concludere la serata dedicata alle vongole ci sar\u00e0 lo spettacolo &#8220;la fontana marina pi\u00f9 lunga del mondo&#8221;.<\/p>\n<p>Ma non \u00e8 finita qui, perch\u00e8 alle 6 del mattino del giorno seguente ci sar\u00e0 un altro appuntamento nella piazzetta del Tramonto dove saranno offerti caff\u00e8 e bomboloni caldi accompagnati dalla musica &#8220;glamour orchestra &#8211; ciak si&#8230; suona&#8221;.<\/p>\n","protected":false},"excerpt":{"rendered":"<p>Uno degli appuntamenti importanti dell&rsquo;estate a Cattolica &egrave; &ldquo;la notte Magica delle Vongole&rdquo;&hellip; CATTOLICA. Durante la giornata di Sabato 30 Luglio, nella citt&agrave; della Regina si festegger&agrave; fino all&rsquo;alba con musica e degustazioni. Un programma ricco di eventi che allieter&agrave; la vacanza a partire dalle ore 18:00 con i &ldquo;Mille modi di gustare le vongole&rdquo;. &#8230;<a class=\"post-readmore\" href=\"https:\/\/www.minicity.it\/blog\/2011\/07\/cattolica-porto-in-festa-con-le-vongole\/\">read more<\/a><\/p>\n","protected":false},"author":1,"featured_media":0,"comment_status":"open","ping_status":"open","sticky":false,"template":"","format":"standard","meta":{"footnotes":""},"categories":[3],"tags":[37,33],"class_list":["post-1345","post","type-post","status-publish","format-standard","hentry","category-turismo","tag-cattolica","tag-eventi-riviera"],"aioseo_notices":[],"_links":{"self":[{"href":"https:\/\/www.minicity.it\/blog\/wp-json\/wp\/v2\/posts\/1345","targetHints":{"allow":["GET"]}}],"collection":[{"href":"https:\/\/www.minicity.it\/blog\/wp-json\/wp\/v2\/posts"}],"about":[{"href":"https:\/\/www.minicity.it\/blog\/wp-json\/wp\/v2\/types\/post"}],"author":[{"embeddable":true,"href":"https:\/\/www.minicity.it\/blog\/wp-json\/wp\/v2\/users\/1"}],"replies":[{"embeddable":true,"href":"https:\/\/www.minicity.it\/blog\/wp-json\/wp\/v2\/comments?post=1345"}],"version-history":[{"count":0,"href":"https:\/\/www.minicity.it\/blog\/wp-json\/wp\/v2\/posts\/1345\/revisions"}],"wp:attachment":[{"href":"https:\/\/www.minicity.it\/blog\/wp-json\/wp\/v2\/media?parent=1345"}],"wp:term":[{"taxonomy":"category","embeddable":true,"href":"https:\/\/www.minicity.it\/blog\/wp-json\/wp\/v2\/categories?post=1345"},{"taxonomy":"post_tag","embeddable":true,"href":"https:\/\/www.minicity.it\/blog\/wp-json\/wp\/v2\/tags?post=1345"}],"curies":[{"name":"wp","href":"https:\/\/api.w.org\/{rel}","templated":true}]}}