{"id":1348,"date":"2011-07-28T10:39:34","date_gmt":"2011-07-28T10:39:34","guid":{"rendered":"https:\/\/www.minicity.it\/blog\/?p=1348"},"modified":"2011-07-28T10:52:03","modified_gmt":"2011-07-28T10:52:03","slug":"nordic-walking-festival-a-settembre-2012-a-riccione","status":"publish","type":"post","link":"https:\/\/www.minicity.it\/blog\/2011\/07\/nordic-walking-festival-a-settembre-2012-a-riccione\/","title":{"rendered":"Nordic Walking Festival, a Settembre 2012 a Riccione"},"content":{"rendered":"<p><a href=\"https:\/\/www.minicity.it\/blog\/wp-content\/uploads\/2011\/03\/nordicwalkinriccione.jpg\"><img loading=\"lazy\" decoding=\"async\" class=\"alignleft size-full wp-image-549\" title=\"nordicwalkinriccione\" src=\"https:\/\/www.minicity.it\/blog\/wp-content\/uploads\/2011\/03\/nordicwalkinriccione.jpg\" alt=\"\" width=\"150\" height=\"150\" \/><\/a>Riccione per il prossimo Settembre 2012 sar\u00e0 la capitale dell&#8217;<strong>Internationale Nordic Walking Festival<\/strong>&#8230;<\/p>\n<p><strong>RICCIONE.<\/strong> In Valtellina si \u00e8 appena conclusa l&#8217;ultima edizione del Nordic Walking Festival e la scuola italiana di Nordic Walking ha scelto gi\u00e0 la prossima meta per il prossimo anno: Riccione.<\/p>\n<p>Nell&#8217;edizione che si \u00e8 appena conclusa, come ospite speciale era presente la campionessa dello sci Deborah Compagnoni e questo fa sperare in una nuova collaborazione per Riccione con questo evento importante che riunisce dai 500 ai 700 atleti di tutta Italia. Un risultato importante essere riusciti a portare questo evento che si \u00e8 sempre svolto in localit\u00e0 di montagna a Riccione.<\/p>\n<p>Fra l&#8217;altro, dopo un incontro con la Compagnoni, gi\u00e0 in contatto con la citt\u00e0 di Riccione si \u00e8 colto l&#8217;occasione per invitarla nel mese di Agosto.<\/p>\n<p>&nbsp;<\/p>\n","protected":false},"excerpt":{"rendered":"<p>Riccione per il prossimo Settembre 2012 sar&agrave; la capitale dell&rsquo;Internationale Nordic Walking Festival&hellip; RICCIONE. In Valtellina si &egrave; appena conclusa l&rsquo;ultima edizione del Nordic Walking Festival e la scuola italiana di Nordic Walking ha scelto gi&agrave; la prossima meta per il prossimo anno: Riccione. Nell&rsquo;edizione che si &egrave; appena conclusa, come ospite speciale era presente &#8230;<a class=\"post-readmore\" href=\"https:\/\/www.minicity.it\/blog\/2011\/07\/nordic-walking-festival-a-settembre-2012-a-riccione\/\">read more<\/a><\/p>\n","protected":false},"author":1,"featured_media":0,"comment_status":"open","ping_status":"open","sticky":false,"template":"","format":"standard","meta":{"footnotes":""},"categories":[3],"tags":[5,34,49],"class_list":["post-1348","post","type-post","status-publish","format-standard","hentry","category-turismo","tag-notizie","tag-riccione","tag-sport"],"aioseo_notices":[],"_links":{"self":[{"href":"https:\/\/www.minicity.it\/blog\/wp-json\/wp\/v2\/posts\/1348","targetHints":{"allow":["GET"]}}],"collection":[{"href":"https:\/\/www.minicity.it\/blog\/wp-json\/wp\/v2\/posts"}],"about":[{"href":"https:\/\/www.minicity.it\/blog\/wp-json\/wp\/v2\/types\/post"}],"author":[{"embeddable":true,"href":"https:\/\/www.minicity.it\/blog\/wp-json\/wp\/v2\/users\/1"}],"replies":[{"embeddable":true,"href":"https:\/\/www.minicity.it\/blog\/wp-json\/wp\/v2\/comments?post=1348"}],"version-history":[{"count":0,"href":"https:\/\/www.minicity.it\/blog\/wp-json\/wp\/v2\/posts\/1348\/revisions"}],"wp:attachment":[{"href":"https:\/\/www.minicity.it\/blog\/wp-json\/wp\/v2\/media?parent=1348"}],"wp:term":[{"taxonomy":"category","embeddable":true,"href":"https:\/\/www.minicity.it\/blog\/wp-json\/wp\/v2\/categories?post=1348"},{"taxonomy":"post_tag","embeddable":true,"href":"https:\/\/www.minicity.it\/blog\/wp-json\/wp\/v2\/tags?post=1348"}],"curies":[{"name":"wp","href":"https:\/\/api.w.org\/{rel}","templated":true}]}}