{"id":1361,"date":"2011-07-29T08:29:25","date_gmt":"2011-07-29T08:29:25","guid":{"rendered":"https:\/\/www.minicity.it\/blog\/?p=1361"},"modified":"2011-07-29T08:29:25","modified_gmt":"2011-07-29T08:29:25","slug":"patrimoni-ditalia-il-nuovo-marchio-del-turismo-italiano","status":"publish","type":"post","link":"https:\/\/www.minicity.it\/blog\/2011\/07\/patrimoni-ditalia-il-nuovo-marchio-del-turismo-italiano\/","title":{"rendered":"\u201cPatrimoni d&#8217;Italia\u201d: il nuovo marchio del turismo italiano"},"content":{"rendered":"<p><a href=\"https:\/\/www.minicity.it\/blog\/wp-content\/uploads\/2011\/02\/italiasedesta.jpg\"><img loading=\"lazy\" decoding=\"async\" class=\"alignleft size-full wp-image-303\" title=\"italiasedesta\" src=\"https:\/\/www.minicity.it\/blog\/wp-content\/uploads\/2011\/02\/italiasedesta.jpg\" alt=\"\" width=\"200\" height=\"134\" \/><\/a><strong>Michela Vittoria Brambilla<\/strong> lo ha presentato <strong>gioved\u00ec 28 luglio a Roma<\/strong>. Si chiama <strong>\u201cPatrimoni d&#8217;Italia\u201d<\/strong> ed \u00e8 un marchio che vuole premiare e valorizzare le manifestazioni culturali che contribuiscono a diffondere l&#8217;immagine dell&#8217;Italia nel mondo. \u00abL\u2019Italia vanta una quantit\u00e0 di eccellenze e di ricchezze sotto ogni profilo, che sono uniche nel loro genere e non hanno eguali in nessun paese al mondo.<\/p>\n<p>Abbiamo voluto riunirle in un unico brand che assegneremo agli eventi che riteniamo essere ambasciatori d\u2019Italia nel mondo\u00bb, ha detto la Brambilla. \u201cPatrimoni d&#8217;Italia\u201d si suddivide in quattro categorie: arte e cultura, stile e creativit\u00e0, incanto dei luoghi e tradizione. Sar\u00e0 un team di esperti del ministero a valutare chi pu\u00f2 essere scelto e in quale categoria.<\/p>\n<p>Invece: <em>\u00abNon potranno diventare patrimonio d\u2019Italia in nessun caso le manifestazioni in cui si cagiona la morte di un animale, perch\u00e9 non c\u2019\u00e8 nulla di culturale nella morte di un animale\u00bb<\/em>, ha commentato la Brambilla, che \u00e8 nota per l&#8217;impegno animalista sin dagli inizi del suo Ministero e che, soprattutto, pochi mesi fa aveva fortemente polemizzato con gli organizzatori del Palio proprio in nome dei diritti degli animali. Dalla parte del Ministro si \u00e8 schierata la Lav (Lega Italiana anti-vivisezione).<\/p>\n<p><em>\u00abIniziative come queste non possono che unire il Paese e divenire motivo di grande attrazione culturale e turistica\u00bb<\/em>, ha sostenuto Giuseppe Castiglione, presidente dell\u2019Unione Province italiane; Vito Santarchiero dell&#8217;Anci ha detto che iniziative come queste possono essere la \u00abla speranza in un futuro diverso\u00bb.<\/p>\n","protected":false},"excerpt":{"rendered":"<p>Michela Vittoria Brambilla lo ha presentato gioved&igrave; 28 luglio a Roma. Si chiama &ldquo;Patrimoni d&rsquo;Italia&rdquo; ed &egrave; un marchio che vuole premiare e valorizzare le manifestazioni culturali che contribuiscono a diffondere l&rsquo;immagine dell&rsquo;Italia nel mondo. &laquo;L&rsquo;Italia vanta una quantit&agrave; di eccellenze e di ricchezze sotto ogni profilo, che sono uniche nel loro genere e non &#8230;<a class=\"post-readmore\" href=\"https:\/\/www.minicity.it\/blog\/2011\/07\/patrimoni-ditalia-il-nuovo-marchio-del-turismo-italiano\/\">read more<\/a><\/p>\n","protected":false},"author":1,"featured_media":0,"comment_status":"open","ping_status":"open","sticky":false,"template":"","format":"standard","meta":{"footnotes":""},"categories":[3],"tags":[28,5],"class_list":["post-1361","post","type-post","status-publish","format-standard","hentry","category-turismo","tag-idee-vacanze","tag-notizie"],"aioseo_notices":[],"_links":{"self":[{"href":"https:\/\/www.minicity.it\/blog\/wp-json\/wp\/v2\/posts\/1361","targetHints":{"allow":["GET"]}}],"collection":[{"href":"https:\/\/www.minicity.it\/blog\/wp-json\/wp\/v2\/posts"}],"about":[{"href":"https:\/\/www.minicity.it\/blog\/wp-json\/wp\/v2\/types\/post"}],"author":[{"embeddable":true,"href":"https:\/\/www.minicity.it\/blog\/wp-json\/wp\/v2\/users\/1"}],"replies":[{"embeddable":true,"href":"https:\/\/www.minicity.it\/blog\/wp-json\/wp\/v2\/comments?post=1361"}],"version-history":[{"count":0,"href":"https:\/\/www.minicity.it\/blog\/wp-json\/wp\/v2\/posts\/1361\/revisions"}],"wp:attachment":[{"href":"https:\/\/www.minicity.it\/blog\/wp-json\/wp\/v2\/media?parent=1361"}],"wp:term":[{"taxonomy":"category","embeddable":true,"href":"https:\/\/www.minicity.it\/blog\/wp-json\/wp\/v2\/categories?post=1361"},{"taxonomy":"post_tag","embeddable":true,"href":"https:\/\/www.minicity.it\/blog\/wp-json\/wp\/v2\/tags?post=1361"}],"curies":[{"name":"wp","href":"https:\/\/api.w.org\/{rel}","templated":true}]}}