{"id":1387,"date":"2011-08-01T10:52:55","date_gmt":"2011-08-01T10:52:55","guid":{"rendered":"https:\/\/www.minicity.it\/blog\/?p=1387"},"modified":"2011-08-01T10:52:56","modified_gmt":"2011-08-01T10:52:56","slug":"bwv-bach-dal-3-al-23-agosto-a-rimini","status":"publish","type":"post","link":"https:\/\/www.minicity.it\/blog\/2011\/08\/bwv-bach-dal-3-al-23-agosto-a-rimini\/","title":{"rendered":"&#8220;BWV-BACH&#8221;: dal 3 al 23 agosto a Rimini"},"content":{"rendered":"<p><a href=\"https:\/\/www.minicity.it\/blog\/wp-content\/uploads\/2011\/06\/eventimusicapesaro.jpg\"><img loading=\"lazy\" decoding=\"async\" class=\"alignleft size-full wp-image-1088\" title=\"eventimusicapesaro\" src=\"https:\/\/www.minicity.it\/blog\/wp-content\/uploads\/2011\/06\/eventimusicapesaro.jpg\" alt=\"\" width=\"200\" height=\"150\" \/><\/a>Torna la Sagra Musicale Malatestiana di Rimini, il &#8220;BWV-BACH&#8221;, che quest&#8217;anno si terr\u00e0 <strong>dal 3 al 23 agosto<\/strong>. Si tratta di una amatissima rassegna di musica barocca che passer\u00e0 in rassegna le maggiori composizioni del musicista di Lipsia. Si parte mercoled\u00ec 3 agosto alla Corte degli Agostiniani con Cesare Picco, magnifico pianista che interpreter\u00e0 uno spettacolo dal titolo \u201cCalling Bach &#8211; BWV Spirits\u201d.<\/p>\n<p>L&#8217;11 agosto \u00e8 la volta de \u201cIl poeta di Bach\u201d, interpretato da l&#8217;ensemble Armonia delle Sfere. Domenica 21 agosto, invece, sar\u00e0 il turno de l&#8217;Ensemble Aglaia con \u201cArte della Fuga\u201d, mentre il 23 agosto si esibir\u00e0 Francesco Cera con le &#8220;Suites francesi&#8221;. Gli ultimi tre spettacoli saranno al Teatro degli Atti.<\/p>\n<p>Tutti i concerti inizieranno alle 21:30.<\/p>\n<p><strong>Per maggiori informazioni:<\/strong> www.sagramusicalemalatestiana.it\/bwv_bach\/<\/p>\n","protected":false},"excerpt":{"rendered":"<p>Torna la Sagra Musicale Malatestiana di Rimini, il &ldquo;BWV-BACH&rdquo;, che quest&rsquo;anno si terr&agrave; dal 3 al 23 agosto. Si tratta di una amatissima rassegna di musica barocca che passer&agrave; in rassegna le maggiori composizioni del musicista di Lipsia. Si parte mercoled&igrave; 3 agosto alla Corte degli Agostiniani con Cesare Picco, magnifico pianista che interpreter&agrave; uno &#8230;<a class=\"post-readmore\" href=\"https:\/\/www.minicity.it\/blog\/2011\/08\/bwv-bach-dal-3-al-23-agosto-a-rimini\/\">read more<\/a><\/p>\n","protected":false},"author":1,"featured_media":0,"comment_status":"open","ping_status":"open","sticky":false,"template":"","format":"standard","meta":{"footnotes":""},"categories":[3],"tags":[39,10],"class_list":["post-1387","post","type-post","status-publish","format-standard","hentry","category-turismo","tag-concerti","tag-rimini"],"aioseo_notices":[],"_links":{"self":[{"href":"https:\/\/www.minicity.it\/blog\/wp-json\/wp\/v2\/posts\/1387","targetHints":{"allow":["GET"]}}],"collection":[{"href":"https:\/\/www.minicity.it\/blog\/wp-json\/wp\/v2\/posts"}],"about":[{"href":"https:\/\/www.minicity.it\/blog\/wp-json\/wp\/v2\/types\/post"}],"author":[{"embeddable":true,"href":"https:\/\/www.minicity.it\/blog\/wp-json\/wp\/v2\/users\/1"}],"replies":[{"embeddable":true,"href":"https:\/\/www.minicity.it\/blog\/wp-json\/wp\/v2\/comments?post=1387"}],"version-history":[{"count":0,"href":"https:\/\/www.minicity.it\/blog\/wp-json\/wp\/v2\/posts\/1387\/revisions"}],"wp:attachment":[{"href":"https:\/\/www.minicity.it\/blog\/wp-json\/wp\/v2\/media?parent=1387"}],"wp:term":[{"taxonomy":"category","embeddable":true,"href":"https:\/\/www.minicity.it\/blog\/wp-json\/wp\/v2\/categories?post=1387"},{"taxonomy":"post_tag","embeddable":true,"href":"https:\/\/www.minicity.it\/blog\/wp-json\/wp\/v2\/tags?post=1387"}],"curies":[{"name":"wp","href":"https:\/\/api.w.org\/{rel}","templated":true}]}}