{"id":1448,"date":"2011-08-26T10:16:29","date_gmt":"2011-08-26T10:16:29","guid":{"rendered":"https:\/\/www.minicity.it\/blog\/?p=1448"},"modified":"2011-09-08T07:52:34","modified_gmt":"2011-09-08T07:52:34","slug":"cesenatico-lancia-una-nuova-raccolta-differenziata","status":"publish","type":"post","link":"https:\/\/www.minicity.it\/blog\/2011\/08\/cesenatico-lancia-una-nuova-raccolta-differenziata\/","title":{"rendered":"Cesenatico lancia una nuova raccolta differenziata"},"content":{"rendered":"<p><strong><a href=\"https:\/\/www.minicity.it\/blog\/wp-content\/uploads\/2011\/08\/raccoltadifferenziata.jpg\"><img loading=\"lazy\" decoding=\"async\" class=\"alignleft size-full wp-image-1449\" title=\"raccoltadifferenziata\" src=\"https:\/\/www.minicity.it\/blog\/wp-content\/uploads\/2011\/08\/raccoltadifferenziata.jpg\" alt=\"\" width=\"200\" height=\"147\" \/><\/a>Cesenatico<\/strong> \u00e8 sempre tra i primi a innovare: prima il Wiki gratuito nelle spiagge e sul lungomare con il progetto <strong>&#8220;Smart Riviera&#8221;<\/strong>, che da aprile scorso ha digitalizzato tutto il comune. Ora, invece, una nuova era della <strong>raccolta differenziata<\/strong>.<\/p>\n<p>A partire dal 2012, infatti, il Comune di Cesenatico lancer\u00e0 delle nuove isole ecologiche per la raccolta differenziata su tutto il territorio del comune. Si tratter\u00e0 di grandi contenitori che prenderanno il posto dei tanto maleodoranti cassonetti di colori diversi che sono usati praticamente in tutta Italia. \u00abE\u2019 un progetto tecnologicamente all\u2019avanguardia che consentir\u00e0 l\u2019interramento di cinque speciali contenitori della capacit\u00e0 di 5 metri cubi ciascuno, contro 1 metro cubo consentito dagli attuali cassonetti. Solo i residenti della zona, tramite una tessera magnetica personale, potranno deporre i loro rifiuti e quando ciascun contenitore sar\u00e0 vicino al riempimento, scatter\u00e0 un dispositivo elettronico che segnaler\u00e0 ad Hera la richiesta di svuotamento\u00bb, ha spiegato al Resto del Carlino Antonio Tavani, assessore ai lavori pubblici del comune di Cesenatico. Le nuove isole ecologiche saranno piazzate in dodici punti della citt\u00e0: si tratta di un grande vanto per il comune perch\u00e9 solo pochissime citt\u00e0 italiane hanno installato sistemi di questo genere, che in Europa sono gi\u00e0 utilizzate da citt\u00e0 all&#8217;avanguardia come Parigi e Berna.<\/p>\n<p>La prima isola ecologica sorger\u00e0 in Piazza Bologna e sar\u00e0 \u201cofferta\u201d dall&#8217;azienda che le produce. Per le altre undici previste il comune di Cesenatico ha in progetto di chiedere un aiuto finanziario alla Regione Emilia-Romagna e a Hera. Le isole verranno installate in piazza Cavallotti, piazzale Costa e Piazza Michelangelo.<\/p>\n","protected":false},"excerpt":{"rendered":"<p>Cesenatico &egrave; sempre tra i primi a innovare: prima il Wiki gratuito nelle spiagge e sul lungomare con il progetto &ldquo;Smart Riviera&rdquo;, che da aprile scorso ha digitalizzato tutto il comune. Ora, invece, una nuova era della raccolta differenziata. A partire dal 2012, infatti, il Comune di Cesenatico lancer&agrave; delle nuove isole ecologiche per la &#8230;<a class=\"post-readmore\" href=\"https:\/\/www.minicity.it\/blog\/2011\/08\/cesenatico-lancia-una-nuova-raccolta-differenziata\/\">read more<\/a><\/p>\n","protected":false},"author":7,"featured_media":0,"comment_status":"open","ping_status":"open","sticky":false,"template":"","format":"standard","meta":{"footnotes":""},"categories":[3],"tags":[38,5],"class_list":["post-1448","post","type-post","status-publish","format-standard","hentry","category-turismo","tag-cesenatico","tag-notizie"],"aioseo_notices":[],"_links":{"self":[{"href":"https:\/\/www.minicity.it\/blog\/wp-json\/wp\/v2\/posts\/1448","targetHints":{"allow":["GET"]}}],"collection":[{"href":"https:\/\/www.minicity.it\/blog\/wp-json\/wp\/v2\/posts"}],"about":[{"href":"https:\/\/www.minicity.it\/blog\/wp-json\/wp\/v2\/types\/post"}],"author":[{"embeddable":true,"href":"https:\/\/www.minicity.it\/blog\/wp-json\/wp\/v2\/users\/7"}],"replies":[{"embeddable":true,"href":"https:\/\/www.minicity.it\/blog\/wp-json\/wp\/v2\/comments?post=1448"}],"version-history":[{"count":0,"href":"https:\/\/www.minicity.it\/blog\/wp-json\/wp\/v2\/posts\/1448\/revisions"}],"wp:attachment":[{"href":"https:\/\/www.minicity.it\/blog\/wp-json\/wp\/v2\/media?parent=1448"}],"wp:term":[{"taxonomy":"category","embeddable":true,"href":"https:\/\/www.minicity.it\/blog\/wp-json\/wp\/v2\/categories?post=1448"},{"taxonomy":"post_tag","embeddable":true,"href":"https:\/\/www.minicity.it\/blog\/wp-json\/wp\/v2\/tags?post=1448"}],"curies":[{"name":"wp","href":"https:\/\/api.w.org\/{rel}","templated":true}]}}