{"id":1463,"date":"2011-09-01T11:01:37","date_gmt":"2011-09-01T11:01:37","guid":{"rendered":"https:\/\/www.minicity.it\/blog\/?p=1463"},"modified":"2011-09-01T11:01:37","modified_gmt":"2011-09-01T11:01:37","slug":"palacongressi-di-rimini-inaugurazione-il-15-ottobre","status":"publish","type":"post","link":"https:\/\/www.minicity.it\/blog\/2011\/09\/palacongressi-di-rimini-inaugurazione-il-15-ottobre\/","title":{"rendered":"Palacongressi di Rimini: Inaugurazione il 15 ottobre"},"content":{"rendered":"<p>Apre le porte del <strong>Palacongressi di Rimini<\/strong> il ministro del Turismo <strong>Michela Vittoria Brambilla<\/strong>. Tutto questo il 15 ottobre prossimo.<\/p>\n<p><strong>RIMINI.<\/strong> Il 15 Ottobre sar\u00e0 inaugurato il nuovo Palas di Rimini, dove saranno presenti il ministro del Turismo Michela Vittoria Brambilla e il presidente della Regione Vasco Errani per tagliare il nastro e festeggiare insieme a tutti i cittadini. Il nuovo Palazzo dei Congressi ha pensato di coninvolgere tutti i cittadini il giorno seguente del 16 Ottobre.<\/p>\n<p>Dopo aver passato tutte le certificazioni per aprire, dove a fine luglio si \u00e8 ottenuto il certificato di conformit\u00e0 sismica, nel mese di agosto l&#8217;autorizzazione da parte della Commissione\u00a0 di Vigilanza per il pubblico spettacolo e il certificato di agibilit\u00e0 emesso dal Comune, ora \u00e8 tutto pronto per l&#8217;inaugurazione della struttura pi\u00f9 grande d&#8217;Italia ex-novo.<\/p>\n<p>Il presidente Lorenzo Cagnoni:<\/p>\n<blockquote><p>Sappiamo tutti quanti ostacoli siano stati affrontati e superati per il raggiungimento di questo traguardo, ma oggi vincono la soddisfazione e l&#8217;orgoglio. Ora stiamo lavorando ad un&#8217;inaugurazione che vorremmo fosse una grande festa per la nostra gente&#8230;<\/p><\/blockquote>\n<p><iframe loading=\"lazy\" width=\"480\" height=\"365\" src=\"http:\/\/www.youtube.com\/embed\/UW_hyZMqKQg\" frameborder=\"0\" allowfullscreen><\/iframe><\/p>\n","protected":false},"excerpt":{"rendered":"<p>Apre le porte del Palacongressi di Rimini il ministro del Turismo Michela Vittoria Brambilla. Tutto questo il 15 ottobre prossimo. RIMINI. Il 15 Ottobre sar&agrave; inaugurato il nuovo Palas di Rimini, dove saranno presenti il ministro del Turismo Michela Vittoria Brambilla e il presidente della Regione Vasco Errani per tagliare il nastro e festeggiare insieme &#8230;<a class=\"post-readmore\" href=\"https:\/\/www.minicity.it\/blog\/2011\/09\/palacongressi-di-rimini-inaugurazione-il-15-ottobre\/\">read more<\/a><\/p>\n","protected":false},"author":1,"featured_media":0,"comment_status":"open","ping_status":"open","sticky":false,"template":"","format":"standard","meta":{"footnotes":""},"categories":[3],"tags":[33,46,5],"class_list":["post-1463","post","type-post","status-publish","format-standard","hentry","category-turismo","tag-eventi-riviera","tag-fiere-rimini","tag-notizie"],"aioseo_notices":[],"_links":{"self":[{"href":"https:\/\/www.minicity.it\/blog\/wp-json\/wp\/v2\/posts\/1463","targetHints":{"allow":["GET"]}}],"collection":[{"href":"https:\/\/www.minicity.it\/blog\/wp-json\/wp\/v2\/posts"}],"about":[{"href":"https:\/\/www.minicity.it\/blog\/wp-json\/wp\/v2\/types\/post"}],"author":[{"embeddable":true,"href":"https:\/\/www.minicity.it\/blog\/wp-json\/wp\/v2\/users\/1"}],"replies":[{"embeddable":true,"href":"https:\/\/www.minicity.it\/blog\/wp-json\/wp\/v2\/comments?post=1463"}],"version-history":[{"count":0,"href":"https:\/\/www.minicity.it\/blog\/wp-json\/wp\/v2\/posts\/1463\/revisions"}],"wp:attachment":[{"href":"https:\/\/www.minicity.it\/blog\/wp-json\/wp\/v2\/media?parent=1463"}],"wp:term":[{"taxonomy":"category","embeddable":true,"href":"https:\/\/www.minicity.it\/blog\/wp-json\/wp\/v2\/categories?post=1463"},{"taxonomy":"post_tag","embeddable":true,"href":"https:\/\/www.minicity.it\/blog\/wp-json\/wp\/v2\/tags?post=1463"}],"curies":[{"name":"wp","href":"https:\/\/api.w.org\/{rel}","templated":true}]}}