{"id":1475,"date":"2011-09-02T09:14:42","date_gmt":"2011-09-02T09:14:42","guid":{"rendered":"https:\/\/www.minicity.it\/blog\/?p=1475"},"modified":"2011-09-02T09:14:42","modified_gmt":"2011-09-02T09:14:42","slug":"riccione-festa-delle-rondini-wwf-rimini","status":"publish","type":"post","link":"https:\/\/www.minicity.it\/blog\/2011\/09\/riccione-festa-delle-rondini-wwf-rimini\/","title":{"rendered":"Riccione, arriva la festa delle Rondini"},"content":{"rendered":"<p><a href=\"https:\/\/www.minicity.it\/blog\/wp-content\/uploads\/2011\/09\/festadellerondiniriccione.jpg\"><img loading=\"lazy\" decoding=\"async\" class=\"alignleft size-full wp-image-1476\" title=\"festadellerondiniriccione\" src=\"https:\/\/www.minicity.it\/blog\/wp-content\/uploads\/2011\/09\/festadellerondiniriccione.jpg\" alt=\"\" width=\"169\" height=\"250\" \/><\/a>Sabato 3 settembre si terr\u00e0 a Riccione la 4\u00b0 <strong>festa delle Rondini<\/strong>: si tratta di un&#8217;iniziativa organizzata dal circolo del buon vicinato del Parco del Marano e dal <strong>WWF Rimini<\/strong>, con il patrocinio del comune, con lo scopo di fare educazione ambientale.<\/p>\n<p>Ogni anno infatti uno stormo di rondini di posta sul canneto del Rio Marano in attesa di partire per la migrazione verso l&#8217;Africa. Si tratta di uno spettacolo emozionante per gli amanti del birdwatching ma anche per gli amanti della natura.<\/p>\n<p>La festa si terr\u00e0 dalle ore 18:30 nel parcheggio di via Pirandello, vicino al Rio Marano e si attender\u00e0 che le rondini del canneto si posino. Durante l&#8217;attesa ci sar\u00e0 una lettura di poesie della tradizione romagnola e un buffet gratuito.<\/p>\n<p><strong>Quando:<\/strong> sabato 3 settembre dalle 18:30<\/p>\n<p><strong>Dove:<\/strong> parcheggio di via Pirandello, vicino al Rio Marano (Riccione)<\/p>\n","protected":false},"excerpt":{"rendered":"<p>Sabato 3 settembre si terr&agrave; a Riccione la 4&deg; festa delle Rondini: si tratta di un&rsquo;iniziativa organizzata dal circolo del buon vicinato del Parco del Marano e dal WWF Rimini, con il patrocinio del comune, con lo scopo di fare educazione ambientale. Ogni anno infatti uno stormo di rondini di posta sul canneto del Rio &#8230;<a class=\"post-readmore\" href=\"https:\/\/www.minicity.it\/blog\/2011\/09\/riccione-festa-delle-rondini-wwf-rimini\/\">read more<\/a><\/p>\n","protected":false},"author":1,"featured_media":0,"comment_status":"open","ping_status":"open","sticky":false,"template":"","format":"standard","meta":{"footnotes":""},"categories":[3],"tags":[33,34],"class_list":["post-1475","post","type-post","status-publish","format-standard","hentry","category-turismo","tag-eventi-riviera","tag-riccione"],"aioseo_notices":[],"_links":{"self":[{"href":"https:\/\/www.minicity.it\/blog\/wp-json\/wp\/v2\/posts\/1475","targetHints":{"allow":["GET"]}}],"collection":[{"href":"https:\/\/www.minicity.it\/blog\/wp-json\/wp\/v2\/posts"}],"about":[{"href":"https:\/\/www.minicity.it\/blog\/wp-json\/wp\/v2\/types\/post"}],"author":[{"embeddable":true,"href":"https:\/\/www.minicity.it\/blog\/wp-json\/wp\/v2\/users\/1"}],"replies":[{"embeddable":true,"href":"https:\/\/www.minicity.it\/blog\/wp-json\/wp\/v2\/comments?post=1475"}],"version-history":[{"count":0,"href":"https:\/\/www.minicity.it\/blog\/wp-json\/wp\/v2\/posts\/1475\/revisions"}],"wp:attachment":[{"href":"https:\/\/www.minicity.it\/blog\/wp-json\/wp\/v2\/media?parent=1475"}],"wp:term":[{"taxonomy":"category","embeddable":true,"href":"https:\/\/www.minicity.it\/blog\/wp-json\/wp\/v2\/categories?post=1475"},{"taxonomy":"post_tag","embeddable":true,"href":"https:\/\/www.minicity.it\/blog\/wp-json\/wp\/v2\/tags?post=1475"}],"curies":[{"name":"wp","href":"https:\/\/api.w.org\/{rel}","templated":true}]}}