{"id":1487,"date":"2011-09-02T11:10:38","date_gmt":"2011-09-02T11:10:38","guid":{"rendered":"https:\/\/www.minicity.it\/blog\/?p=1487"},"modified":"2011-09-02T11:10:38","modified_gmt":"2011-09-02T11:10:38","slug":"marche-mobile-applicazione-appstore","status":"publish","type":"post","link":"https:\/\/www.minicity.it\/blog\/2011\/09\/marche-mobile-applicazione-appstore\/","title":{"rendered":"Marche Mobile: arriva l&#8217;applicazione dedicata alla Regione Marche&#8230;"},"content":{"rendered":"<p><a href=\"https:\/\/www.minicity.it\/blog\/wp-content\/uploads\/2011\/09\/marchemobile.jpg\"><img loading=\"lazy\" decoding=\"async\" class=\"alignleft size-full wp-image-1488\" title=\"marchemobile\" src=\"https:\/\/www.minicity.it\/blog\/wp-content\/uploads\/2011\/09\/marchemobile.jpg\" alt=\"\" width=\"200\" height=\"201\" \/><\/a>La <strong>Regione Marche<\/strong> ha lanciato un&#8217;<strong>applicazione<\/strong> per gli <strong>smart-phone<\/strong> che si chiama \u201cMarche Mobile\u201d e che si vuole uno strumento, ulteriore, per la scoperta del territorio, della cultura e delle tradizioni della Regione Marche. L&#8217;applicazione fa parte di un progetto di ampio raggio della regione, che ha lanciato il Piano promozionale Turistico 2011 all&#8217;interno del quale punta in maniera decisa a sviluppare il \u201cSistema Informativo per il Turista\u201d: oltre a un lavoro di digitalizzazione, viene offerto anche un servizio di geolocalizzazione che permette al visitatore di orientarsi sul territorio e scoprire l&#8217;offerta della regione: ristoranti, eventi, meteo, manifestazioni e itinerari.<\/p>\n<p>L&#8217;applicazione \u00e8 stata presentata gioved\u00ec 1 settembre da Serenella Moroder, assessore marchigiano al turismo, che se ne dice molto fiera: \u00abE&#8217; il nostro modo di accogliere il turista, sia esso reale o virtuale, offrendo di fatto un vero e proprio compagno di viaggio che, in maniera discreta e affidabile, possa guidarlo e accompagnarlo nella scoperta di una regione dalle mille attrattive e bellezze\u00bb.<\/p>\n<p>L&#8217;applicazione \u201cMarche Mobile\u201d si pu\u00f2 scaricare gratuitamente sui telefonini e tablet che lo consentono. L&#8217;applicazione \u00e8 stata lanciata anche in vista del prossimo Congresso Eucaristico Nazionale che si terr\u00e0 ad Ancona dal 3 all&#8217;11 settembre prossimo e che porter\u00e0, prevedibilmente, migliaia e migliaia di turisti nelle Marche. Infatti, come continua la Moroder, \u00abQualcuno si chieder\u00e0 perch\u00e9 siamo a presentarlo a settembre, nelle fasi finali della stagione estiva, a significare che ogni stagione, ogni mese e&#8217; indicato per visitare le Marche,perch\u00e9 Turismo nelle Marche non \u00e8 solo turismo balneare, ma \u00e8 turismo culturale, enogastronomico, religioso, naturalistico, sportivo, e tanti altri ancora\u00bb.<\/p>\n","protected":false},"excerpt":{"rendered":"<p>La Regione Marche ha lanciato un&rsquo;applicazione per gli smart-phone che si chiama &ldquo;Marche Mobile&rdquo; e che si vuole uno strumento, ulteriore, per la scoperta del territorio, della cultura e delle tradizioni della Regione Marche. L&rsquo;applicazione fa parte di un progetto di ampio raggio della regione, che ha lanciato il Piano promozionale Turistico 2011 all&rsquo;interno del &#8230;<a class=\"post-readmore\" href=\"https:\/\/www.minicity.it\/blog\/2011\/09\/marche-mobile-applicazione-appstore\/\">read more<\/a><\/p>\n","protected":false},"author":1,"featured_media":0,"comment_status":"open","ping_status":"open","sticky":false,"template":"","format":"standard","meta":{"footnotes":""},"categories":[3],"tags":[32,5],"class_list":["post-1487","post","type-post","status-publish","format-standard","hentry","category-turismo","tag-marche","tag-notizie"],"aioseo_notices":[],"_links":{"self":[{"href":"https:\/\/www.minicity.it\/blog\/wp-json\/wp\/v2\/posts\/1487","targetHints":{"allow":["GET"]}}],"collection":[{"href":"https:\/\/www.minicity.it\/blog\/wp-json\/wp\/v2\/posts"}],"about":[{"href":"https:\/\/www.minicity.it\/blog\/wp-json\/wp\/v2\/types\/post"}],"author":[{"embeddable":true,"href":"https:\/\/www.minicity.it\/blog\/wp-json\/wp\/v2\/users\/1"}],"replies":[{"embeddable":true,"href":"https:\/\/www.minicity.it\/blog\/wp-json\/wp\/v2\/comments?post=1487"}],"version-history":[{"count":0,"href":"https:\/\/www.minicity.it\/blog\/wp-json\/wp\/v2\/posts\/1487\/revisions"}],"wp:attachment":[{"href":"https:\/\/www.minicity.it\/blog\/wp-json\/wp\/v2\/media?parent=1487"}],"wp:term":[{"taxonomy":"category","embeddable":true,"href":"https:\/\/www.minicity.it\/blog\/wp-json\/wp\/v2\/categories?post=1487"},{"taxonomy":"post_tag","embeddable":true,"href":"https:\/\/www.minicity.it\/blog\/wp-json\/wp\/v2\/tags?post=1487"}],"curies":[{"name":"wp","href":"https:\/\/api.w.org\/{rel}","templated":true}]}}