{"id":1496,"date":"2011-09-05T09:57:09","date_gmt":"2011-09-05T09:57:09","guid":{"rendered":"https:\/\/www.minicity.it\/blog\/?p=1496"},"modified":"2011-09-08T07:50:31","modified_gmt":"2011-09-08T07:50:31","slug":"marche-aeroporto-di-falconara-ancona-statistiche","status":"publish","type":"post","link":"https:\/\/www.minicity.it\/blog\/2011\/09\/marche-aeroporto-di-falconara-ancona-statistiche\/","title":{"rendered":"Marche: molto bene l&#8217;aeroporto di Falconara-Ancona"},"content":{"rendered":"<p><strong><a href=\"https:\/\/www.minicity.it\/blog\/wp-content\/uploads\/2011\/05\/turismomarche.jpg\"><img loading=\"lazy\" decoding=\"async\" class=\"alignleft size-full wp-image-787\" title=\"turismomarche\" src=\"https:\/\/www.minicity.it\/blog\/wp-content\/uploads\/2011\/05\/turismomarche.jpg\" alt=\"\" width=\"150\" height=\"113\" \/><\/a>L&#8217;estate 2011<\/strong> ha segnato un doppio record per l&#8217;<strong>aeroporto di Falconara-Ancona<\/strong>, nelle <strong>Marche<\/strong>. Sono aumentati i transiti prima di tutto: nel mese di agosto sono passate per Falconara-Ancona ben 74.587 passeggeri, con un aumento, rispetto all&#8217;agosto del 2010, del 18%. A questo si aggiunge il record, segnato il 22 agosto scorso, nel pi\u00f9 alto numero di persone mai registrato in una sola giornata in passaggio all&#8217;aeroporto: ben 3152 passeggeri.<\/p>\n<p>Ad aumentare in maniera esponenziale sono coloro che viaggiano sui voli di linea internazionali, dove si \u00e8 registrato un aumento del 35,9%. Le destinazioni internazionali che hanno avuto pi\u00f9 successo sono Tirana, Monaco e Dusseldorf. Grande successo per la Spagna: i voli per Madrid e Siviglia hanno raggiunto record di \u201criempimento\u201d fino al 90,8%.<\/p>\n<p>Per quanto riguarda i voli nazionali l&#8217;aumento \u00e8 comunque consistente: si \u00e8 registrato un pi\u00f9 12,2%. Qui la destinazione che ha visto pi\u00f9 passeggeri \u00e8 Trapani.<\/p>\n<p>In totale, da gennaio ad agosto 2011, i passeggeri che sono passati (partenze e arrivi) dall&#8217;aeroporto Falconara-Ancona sono stati 419.872, con un aumento del 24,8% rispetto agli stessi mesi del 2010, quando se ne erano registrati 336.502. Molto bene anche i dati sul traffico merci: una crescita del 16% \u00e8 stata registrata rispetto all&#8217;agosto del 2010.<\/p>\n<p>Infatti, grazie ai grandi successi ottenuti, l&#8217;aeroporto delle Marche sta suscitando l&#8217;interesse degli investitori internazionali, tra cui Eduardo Eurnekian, grosso imprenditore dell&#8217;America Latina che ad agosto ha fatto scalo ad Ancona per incontrare il Presidente della Regione, Gian Mario Spacca. \u00c8 molto probabile che nel mese si settembre verr\u00e0 formalizzata una vera e propria proposta per lo scalo marchigiano.<\/p>\n","protected":false},"excerpt":{"rendered":"<p>L&rsquo;estate 2011 ha segnato un doppio record per l&rsquo;aeroporto di Falconara-Ancona, nelle Marche. Sono aumentati i transiti prima di tutto: nel mese di agosto sono passate per Falconara-Ancona ben 74.587 passeggeri, con un aumento, rispetto all&rsquo;agosto del 2010, del 18%. A questo si aggiunge il record, segnato il 22 agosto scorso, nel pi&ugrave; alto numero &#8230;<a class=\"post-readmore\" href=\"https:\/\/www.minicity.it\/blog\/2011\/09\/marche-aeroporto-di-falconara-ancona-statistiche\/\">read more<\/a><\/p>\n","protected":false},"author":7,"featured_media":0,"comment_status":"open","ping_status":"open","sticky":false,"template":"","format":"standard","meta":{"footnotes":""},"categories":[3],"tags":[32,44],"class_list":["post-1496","post","type-post","status-publish","format-standard","hentry","category-turismo","tag-marche","tag-statistiche"],"aioseo_notices":[],"_links":{"self":[{"href":"https:\/\/www.minicity.it\/blog\/wp-json\/wp\/v2\/posts\/1496","targetHints":{"allow":["GET"]}}],"collection":[{"href":"https:\/\/www.minicity.it\/blog\/wp-json\/wp\/v2\/posts"}],"about":[{"href":"https:\/\/www.minicity.it\/blog\/wp-json\/wp\/v2\/types\/post"}],"author":[{"embeddable":true,"href":"https:\/\/www.minicity.it\/blog\/wp-json\/wp\/v2\/users\/7"}],"replies":[{"embeddable":true,"href":"https:\/\/www.minicity.it\/blog\/wp-json\/wp\/v2\/comments?post=1496"}],"version-history":[{"count":0,"href":"https:\/\/www.minicity.it\/blog\/wp-json\/wp\/v2\/posts\/1496\/revisions"}],"wp:attachment":[{"href":"https:\/\/www.minicity.it\/blog\/wp-json\/wp\/v2\/media?parent=1496"}],"wp:term":[{"taxonomy":"category","embeddable":true,"href":"https:\/\/www.minicity.it\/blog\/wp-json\/wp\/v2\/categories?post=1496"},{"taxonomy":"post_tag","embeddable":true,"href":"https:\/\/www.minicity.it\/blog\/wp-json\/wp\/v2\/tags?post=1496"}],"curies":[{"name":"wp","href":"https:\/\/api.w.org\/{rel}","templated":true}]}}