{"id":1503,"date":"2011-09-06T07:53:48","date_gmt":"2011-09-06T07:53:48","guid":{"rendered":"https:\/\/www.minicity.it\/blog\/?p=1503"},"modified":"2011-09-06T07:53:48","modified_gmt":"2011-09-06T07:53:48","slug":"forli-fine-settimana-innovazione-responsabile","status":"publish","type":"post","link":"https:\/\/www.minicity.it\/blog\/2011\/09\/forli-fine-settimana-innovazione-responsabile\/","title":{"rendered":"Forl\u00ec: fine settimana dell&#8217;innovazione responsabile"},"content":{"rendered":"<p><strong>Venerd\u00ec 9 e sabato 10 settembre<\/strong> prossimi a Forl\u00ec si terranno diversi eventi che ruotano intorno alla creativit\u00e0 e all&#8217;innovazione che avranno come denominatore comune la parola \u201cresponsabilit\u00e0\u201d. La manifestazione si chiama \u201cL&#8217;arte di innovare-Percorsi&#8221; e la domanda che sar\u00e0 dietro ogni appuntamento, mostra, proiezione di filmati, laboratori partecipati, conferenze, workshop ed eventi \u00e8: \u00ab\u00c8 possibile governare l\u2019innovazione secondo modalit\u00e0 prestabilite, cos\u00ec da garantirle successo nel mondo in cui intende inserirsi? \u00c8 possibile governarla per far s\u00ec che venga orientata alla costruzione di una convivenza volta al bene comune?\u00bb.<\/p>\n<p>Tutti gli eventi si terranno nel centro storico di Forl\u00ec, che sar\u00e0 pensato come un vero e proprio laboratorio dove il pubblico, i relatori, gli artisti e gli organizzatori potranno interagire con la citt\u00e0 stessa. Sar\u00e0 anche possibile visitare gli studi di designer, architetti e artisti. In 48 ore la citt\u00e0 sar\u00e0 il teatro di ben 40 eventi diversi. Tra gli spettacoli da segnalare l&#8217;intervista a Alessandro Bergonzoni di venerd\u00ec 9 settembre in piazzetta della misura, alle 21:00 e l&#8217;appuntamento con il poeta Franco Loi.<\/p>\n<p>L&#8217;evento vuole diventare uno dei segni distintivi della citt\u00e0 romagnola, come l&#8217;arte contemporanea lo \u00e8 per Faenza, la letteratura per Mantova o la filosofia per Modena.<\/p>\n<p>L&#8217;evento \u00e8 promosso dalla Camera di Commercio di Forl\u00ec-Cesena, dalla Fondazione della Cassa dei Risparmi di Forl\u00ec, dal Comune di Forl\u00ec e dal Romagna Creative District.<\/p>\n<p>Coloro che intendono partecipare possono iscriversi (<a href=\"http:\/\/bit.ly\/iscrizione-IR\" rel=\"nofollow\" target=\"_blank\">http:\/\/bit.ly\/iscrizione-IR<\/a>) per avere il \u201ckit di benvenuto\u201d della manifestazione. Il programma completo si pu\u00f2 scaricare qui: <a href=\"http:\/\/www.lartedinnovare.it\/content\/innovazione-responsabile\/programma\" target=\"_blank\">www.lartedinnovare.it\/content\/innovazione-responsabile\/programma<\/a>.<\/p>\n","protected":false},"excerpt":{"rendered":"<p>Venerd&igrave; 9 e sabato 10 settembre prossimi a Forl&igrave; si terranno diversi eventi che ruotano intorno alla creativit&agrave; e all&rsquo;innovazione che avranno come denominatore comune la parola &ldquo;responsabilit&agrave;&rdquo;. La manifestazione si chiama &ldquo;L&rsquo;arte di innovare-Percorsi&rdquo; e la domanda che sar&agrave; dietro ogni appuntamento, mostra, proiezione di filmati, laboratori partecipati, conferenze, workshop ed eventi &egrave;: &laquo;&Egrave; &#8230;<a class=\"post-readmore\" href=\"https:\/\/www.minicity.it\/blog\/2011\/09\/forli-fine-settimana-innovazione-responsabile\/\">read more<\/a><\/p>\n","protected":false},"author":1,"featured_media":0,"comment_status":"open","ping_status":"open","sticky":false,"template":"","format":"standard","meta":{"footnotes":""},"categories":[3],"tags":[33,24],"class_list":["post-1503","post","type-post","status-publish","format-standard","hentry","category-turismo","tag-eventi-riviera","tag-forli-cesena"],"aioseo_notices":[],"_links":{"self":[{"href":"https:\/\/www.minicity.it\/blog\/wp-json\/wp\/v2\/posts\/1503","targetHints":{"allow":["GET"]}}],"collection":[{"href":"https:\/\/www.minicity.it\/blog\/wp-json\/wp\/v2\/posts"}],"about":[{"href":"https:\/\/www.minicity.it\/blog\/wp-json\/wp\/v2\/types\/post"}],"author":[{"embeddable":true,"href":"https:\/\/www.minicity.it\/blog\/wp-json\/wp\/v2\/users\/1"}],"replies":[{"embeddable":true,"href":"https:\/\/www.minicity.it\/blog\/wp-json\/wp\/v2\/comments?post=1503"}],"version-history":[{"count":0,"href":"https:\/\/www.minicity.it\/blog\/wp-json\/wp\/v2\/posts\/1503\/revisions"}],"wp:attachment":[{"href":"https:\/\/www.minicity.it\/blog\/wp-json\/wp\/v2\/media?parent=1503"}],"wp:term":[{"taxonomy":"category","embeddable":true,"href":"https:\/\/www.minicity.it\/blog\/wp-json\/wp\/v2\/categories?post=1503"},{"taxonomy":"post_tag","embeddable":true,"href":"https:\/\/www.minicity.it\/blog\/wp-json\/wp\/v2\/tags?post=1503"}],"curies":[{"name":"wp","href":"https:\/\/api.w.org\/{rel}","templated":true}]}}