{"id":1506,"date":"2011-09-06T09:27:18","date_gmt":"2011-09-06T09:27:18","guid":{"rendered":"https:\/\/www.minicity.it\/blog\/?p=1506"},"modified":"2011-09-06T09:27:18","modified_gmt":"2011-09-06T09:27:18","slug":"spazi-indecisi-in-romagna","status":"publish","type":"post","link":"https:\/\/www.minicity.it\/blog\/2011\/09\/spazi-indecisi-in-romagna\/","title":{"rendered":"&#8220;Spazi indecisi&#8221; in Romagna&#8230;"},"content":{"rendered":"<p><a href=\"https:\/\/www.minicity.it\/blog\/wp-content\/uploads\/2011\/09\/eventi.jpg\"><img loading=\"lazy\" decoding=\"async\" class=\"alignleft size-full wp-image-1507\" title=\"eventi\" src=\"https:\/\/www.minicity.it\/blog\/wp-content\/uploads\/2011\/09\/eventi.jpg\" alt=\"\" width=\"200\" height=\"133\" \/><\/a>Concerto e riflessione sugli spazi pubblici \u201cindecisi\u201d in Romagna<\/p>\n<p><strong>Venerd\u00ec 9 settembre<\/strong> il collettivo \u201cSpazi Indecisi\u201d si presenter\u00e0 a Forl\u00ec nell&#8217;abito di una serata organizzata dal Romagna Creative District. In quest&#8217;occasione verr\u00e0 presentato il lavoro di mappatura degli spazi pubblici romagnoli che stanno realizzando, pubblicandone le foto e la localizzazione.<\/p>\n<p>Durante la serata sar\u00e0 possibile quindi ammirare le foto di edifici sparsi per la Romagna che non hanno pi\u00f9 alcuna utilizzazione da diversi anni.<\/p>\n<p>Durante la serata ci sar\u00f2 un momento di aperitivo e il concerto del gruppo romagnolo Collettivo Ginsberg.<\/p>\n<p><strong>Per maggiori informazioni:<\/strong> <a href=\"http:\/\/www.spaziindecisi.it\" rel=\"nofollow\" target=\"_blank\">www.spaziindecisi.it<\/a><\/p>\n<p><strong>Quando:<\/strong> venerd\u00ec 9 settembre<\/p>\n<p><strong>Dove:<\/strong> Forl\u00ec, Arena via Giorgio Regnoli<\/p>\n<p><strong>Costo:<\/strong> ingresso gratuito<\/p>\n","protected":false},"excerpt":{"rendered":"<p>Concerto e riflessione sugli spazi pubblici &ldquo;indecisi&rdquo; in Romagna Venerd&igrave; 9 settembre il collettivo &ldquo;Spazi Indecisi&rdquo; si presenter&agrave; a Forl&igrave; nell&rsquo;abito di una serata organizzata dal Romagna Creative District. In quest&rsquo;occasione verr&agrave; presentato il lavoro di mappatura degli spazi pubblici romagnoli che stanno realizzando, pubblicandone le foto e la localizzazione. Durante la serata sar&agrave; possibile &#8230;<a class=\"post-readmore\" href=\"https:\/\/www.minicity.it\/blog\/2011\/09\/spazi-indecisi-in-romagna\/\">read more<\/a><\/p>\n","protected":false},"author":1,"featured_media":0,"comment_status":"open","ping_status":"open","sticky":false,"template":"","format":"standard","meta":{"footnotes":""},"categories":[3],"tags":[39,33,24],"class_list":["post-1506","post","type-post","status-publish","format-standard","hentry","category-turismo","tag-concerti","tag-eventi-riviera","tag-forli-cesena"],"aioseo_notices":[],"_links":{"self":[{"href":"https:\/\/www.minicity.it\/blog\/wp-json\/wp\/v2\/posts\/1506","targetHints":{"allow":["GET"]}}],"collection":[{"href":"https:\/\/www.minicity.it\/blog\/wp-json\/wp\/v2\/posts"}],"about":[{"href":"https:\/\/www.minicity.it\/blog\/wp-json\/wp\/v2\/types\/post"}],"author":[{"embeddable":true,"href":"https:\/\/www.minicity.it\/blog\/wp-json\/wp\/v2\/users\/1"}],"replies":[{"embeddable":true,"href":"https:\/\/www.minicity.it\/blog\/wp-json\/wp\/v2\/comments?post=1506"}],"version-history":[{"count":0,"href":"https:\/\/www.minicity.it\/blog\/wp-json\/wp\/v2\/posts\/1506\/revisions"}],"wp:attachment":[{"href":"https:\/\/www.minicity.it\/blog\/wp-json\/wp\/v2\/media?parent=1506"}],"wp:term":[{"taxonomy":"category","embeddable":true,"href":"https:\/\/www.minicity.it\/blog\/wp-json\/wp\/v2\/categories?post=1506"},{"taxonomy":"post_tag","embeddable":true,"href":"https:\/\/www.minicity.it\/blog\/wp-json\/wp\/v2\/tags?post=1506"}],"curies":[{"name":"wp","href":"https:\/\/api.w.org\/{rel}","templated":true}]}}