{"id":1525,"date":"2011-09-07T10:23:32","date_gmt":"2011-09-07T10:23:32","guid":{"rendered":"https:\/\/www.minicity.it\/blog\/?p=1525"},"modified":"2020-02-14T13:21:02","modified_gmt":"2020-02-14T13:21:02","slug":"ipercorpo-festivale-premere-sui-confini-forli","status":"publish","type":"post","link":"https:\/\/www.minicity.it\/blog\/2011\/09\/ipercorpo-festivale-premere-sui-confini-forli\/","title":{"rendered":"\u201cIpercorpo, premere sui confini\u201d: edizione 2011 del Festival a Forl\u00ec"},"content":{"rendered":"<p><a href=\"https:\/\/www.minicity.it\/blog\/wp-content\/uploads\/2011\/09\/ipercorpoforli.jpg\"><img loading=\"lazy\" decoding=\"async\" class=\"aligncenter size-full wp-image-1527\" title=\"ipercorpoforli\" src=\"https:\/\/www.minicity.it\/blog\/wp-content\/uploads\/2011\/09\/ipercorpoforli.jpg\" alt=\"\" width=\"500\" height=\"251\" \/><\/a><\/p>\n<p><strong>Dal 20 al 25 settembre<\/strong> prossimo Forl\u00ec ospiter\u00e0 la quinta edizione del festival \u201cIpercorpo, premere sui confini\u201d. Si tratta di un festival di teatro, performance, arte, musica e conferenze che si svolge in alcuni luoghi della cittadina romagnola, dando vita ad eventi e manifestazioni che esplorano i confini.<\/p>\n<p>L&#8217;<strong>edizione del 2011<\/strong> parte proprio con una conferenza dal titolo \u201cTutela e recupero del patrimonio storico e architettonico. Un caso esemplare: il deposito autocorriere ATR\u201d. Il complesso S.I.T.A.\/ATR \u00e8 un vecchio deposito di autobus e corriere che si trova in centro a Forl\u00ec che \u00e8 stato scelto, simbolicamente, per alcune serate del festival. Lo scopo \u00e8 riflettere sul riuso dei locali storici della citt\u00e0, per farne un punto di aggregazione cittadino.<\/p>\n<p>Gli altri giorni gli spettacoli e gli eventi si terranno alla \u201cFabbrica delle Candele\u201d, alla piazzetta Savonarola e, appunto, al deposito ATR.<\/p>\n<p>Tra gli spettacoli proposti \u201cWest\u201d di Fanny &amp; Alexander, il gruppo nanou, \u201cSincronie di errori non prevedibili \u201c di Santasangre e You Girl di Alessandro Sciarroni. Durante le serate ci saranno alcune installazioni fisse di numerosi artisti tra i quali Ivan Fantini, Valentina Biachi, Elisa Gandini, il collettivo Mandra e mostre di Spazi Indecisi.<\/p>\n<p><strong>Per tutti gli spettacoli<\/strong> \u00e8 consigliata la prenotazione al numero 347.3169141 o scrivendo una mail a info@cittadiebla.com<\/p>\n<p>Ipercorpo \u00e8 organizzato, creato e pensato dall&#8217;associazione \u201cCitt\u00e0 di Ebla\u201d. Hanno collaborato ATR agenzia per la mobilit\u00e0, Diagonal Loft Club, Fabbrica delle Candele, Festival L\u2019occidente nel labirinto, AVM,<\/p>\n","protected":false},"excerpt":{"rendered":"<p>Dal 20 al 25 settembre prossimo Forl&igrave; ospiter&agrave; la quinta edizione del festival &ldquo;Ipercorpo, premere sui confini&rdquo;. Si tratta di un festival di teatro, performance, arte, musica e conferenze che si svolge in alcuni luoghi della cittadina romagnola, dando vita ad eventi e manifestazioni che esplorano i confini. L&rsquo;edizione del 2011 parte proprio con una &#8230;<a class=\"post-readmore\" href=\"https:\/\/www.minicity.it\/blog\/2011\/09\/ipercorpo-festivale-premere-sui-confini-forli\/\">read more<\/a><\/p>\n","protected":false},"author":7,"featured_media":0,"comment_status":"open","ping_status":"open","sticky":false,"template":"","format":"standard","meta":{"footnotes":""},"categories":[3],"tags":[33,24],"class_list":["post-1525","post","type-post","status-publish","format-standard","hentry","category-turismo","tag-eventi-riviera","tag-forli-cesena"],"aioseo_notices":[],"_links":{"self":[{"href":"https:\/\/www.minicity.it\/blog\/wp-json\/wp\/v2\/posts\/1525","targetHints":{"allow":["GET"]}}],"collection":[{"href":"https:\/\/www.minicity.it\/blog\/wp-json\/wp\/v2\/posts"}],"about":[{"href":"https:\/\/www.minicity.it\/blog\/wp-json\/wp\/v2\/types\/post"}],"author":[{"embeddable":true,"href":"https:\/\/www.minicity.it\/blog\/wp-json\/wp\/v2\/users\/7"}],"replies":[{"embeddable":true,"href":"https:\/\/www.minicity.it\/blog\/wp-json\/wp\/v2\/comments?post=1525"}],"version-history":[{"count":1,"href":"https:\/\/www.minicity.it\/blog\/wp-json\/wp\/v2\/posts\/1525\/revisions"}],"predecessor-version":[{"id":4883,"href":"https:\/\/www.minicity.it\/blog\/wp-json\/wp\/v2\/posts\/1525\/revisions\/4883"}],"wp:attachment":[{"href":"https:\/\/www.minicity.it\/blog\/wp-json\/wp\/v2\/media?parent=1525"}],"wp:term":[{"taxonomy":"category","embeddable":true,"href":"https:\/\/www.minicity.it\/blog\/wp-json\/wp\/v2\/categories?post=1525"},{"taxonomy":"post_tag","embeddable":true,"href":"https:\/\/www.minicity.it\/blog\/wp-json\/wp\/v2\/tags?post=1525"}],"curies":[{"name":"wp","href":"https:\/\/api.w.org\/{rel}","templated":true}]}}