{"id":1534,"date":"2011-09-07T11:12:22","date_gmt":"2011-09-07T11:12:22","guid":{"rendered":"https:\/\/www.minicity.it\/blog\/?p=1534"},"modified":"2011-09-07T11:12:22","modified_gmt":"2011-09-07T11:12:22","slug":"misano-world-week-record-di-presenze","status":"publish","type":"post","link":"https:\/\/www.minicity.it\/blog\/2011\/09\/misano-world-week-record-di-presenze\/","title":{"rendered":"Misano World Week: record di presenze"},"content":{"rendered":"<p><a href=\"https:\/\/www.minicity.it\/blog\/wp-content\/uploads\/2011\/03\/MotoGp-misano.jpg\"><img loading=\"lazy\" decoding=\"async\" class=\"alignleft size-full wp-image-381\" title=\"MotoGp-misano\" src=\"https:\/\/www.minicity.it\/blog\/wp-content\/uploads\/2011\/03\/MotoGp-misano.jpg\" alt=\"\" width=\"200\" height=\"150\" \/><\/a>Gli eventi correlati alla MotoGp stanno riscuotendo grande successo facendo registrare presenze record&#8230;<\/p>\n<p><strong>MISANO.<\/strong> In occasione della MotoMondiale, il Misano World Week ha registrato oltre 15 mila presenze durante i 5 giorni grazie anche alla presenza di personaggi famosi come Guido Meda, Franco Bobbiese e lo spettacolo che si \u00e8 svolto nell&#8217;ovale di Via Romagna.<\/p>\n<p>Durante l&#8217;evento i due ospiti sono saliti sul prototipo a 4 ruote motrici che Michelin regal\u00f2 a Valentino Rossi in occasione della vittoria del Motomondiale.<\/p>\n<p>Un successo dovuto anche al lavoro di questi anni per creare eventi correlati che potessero attirare presenza anche al di fuori dell&#8217;autodromo di Misano . Stesso lavoro era stato svolto anche per i campionati della Pallamano e Udace. A confermare tutto questo \u00e8 Misano Eventi che ha lavorato fino ad oggi per promuovere la citt\u00e0.<\/p>\n<p>Le parole del sindaco Stefano Giannini:<\/p>\n<blockquote><p>Il Motomondiale \u00e8 stato il coronamento di una stagione turistica eccezionale, anche sul piano della viabilit\u00e0 la nostra citt\u00e0 ha saputo rispondere nel migliore dei mondi&#8230; Misano \u00e8 la migliore location al mondo per accoglienza e dinamismo rispetto a tutte le altre&#8230;<\/p><\/blockquote>\n","protected":false},"excerpt":{"rendered":"<p>Gli eventi correlati alla MotoGp stanno riscuotendo grande successo facendo registrare presenze record&hellip; MISANO. In occasione della MotoMondiale, il Misano World Week ha registrato oltre 15 mila presenze durante i 5 giorni grazie anche alla presenza di personaggi famosi come Guido Meda, Franco Bobbiese e lo spettacolo che si &egrave; svolto nell&rsquo;ovale di Via Romagna. &#8230;<a class=\"post-readmore\" href=\"https:\/\/www.minicity.it\/blog\/2011\/09\/misano-world-week-record-di-presenze\/\">read more<\/a><\/p>\n","protected":false},"author":1,"featured_media":0,"comment_status":"open","ping_status":"open","sticky":false,"template":"","format":"standard","meta":{"footnotes":""},"categories":[3],"tags":[36,49],"class_list":["post-1534","post","type-post","status-publish","format-standard","hentry","category-turismo","tag-misano-adriatico","tag-sport"],"aioseo_notices":[],"_links":{"self":[{"href":"https:\/\/www.minicity.it\/blog\/wp-json\/wp\/v2\/posts\/1534","targetHints":{"allow":["GET"]}}],"collection":[{"href":"https:\/\/www.minicity.it\/blog\/wp-json\/wp\/v2\/posts"}],"about":[{"href":"https:\/\/www.minicity.it\/blog\/wp-json\/wp\/v2\/types\/post"}],"author":[{"embeddable":true,"href":"https:\/\/www.minicity.it\/blog\/wp-json\/wp\/v2\/users\/1"}],"replies":[{"embeddable":true,"href":"https:\/\/www.minicity.it\/blog\/wp-json\/wp\/v2\/comments?post=1534"}],"version-history":[{"count":0,"href":"https:\/\/www.minicity.it\/blog\/wp-json\/wp\/v2\/posts\/1534\/revisions"}],"wp:attachment":[{"href":"https:\/\/www.minicity.it\/blog\/wp-json\/wp\/v2\/media?parent=1534"}],"wp:term":[{"taxonomy":"category","embeddable":true,"href":"https:\/\/www.minicity.it\/blog\/wp-json\/wp\/v2\/categories?post=1534"},{"taxonomy":"post_tag","embeddable":true,"href":"https:\/\/www.minicity.it\/blog\/wp-json\/wp\/v2\/tags?post=1534"}],"curies":[{"name":"wp","href":"https:\/\/api.w.org\/{rel}","templated":true}]}}