{"id":1554,"date":"2011-09-08T12:17:16","date_gmt":"2011-09-08T12:17:16","guid":{"rendered":"https:\/\/www.minicity.it\/blog\/?p=1554"},"modified":"2011-09-08T12:17:16","modified_gmt":"2011-09-08T12:17:16","slug":"chiusura-beky-bay-bellaria-igea-marina","status":"publish","type":"post","link":"https:\/\/www.minicity.it\/blog\/2011\/09\/chiusura-beky-bay-bellaria-igea-marina\/","title":{"rendered":"Chiusura Beky Bay dopo un&#8217;estate di successi"},"content":{"rendered":"<p><a href=\"https:\/\/www.minicity.it\/blog\/wp-content\/uploads\/2011\/09\/bekybay-bellariaigeamarina.jpg\"><img loading=\"lazy\" decoding=\"async\" class=\"alignleft size-full wp-image-1556\" title=\"bekybay-bellariaigeamarina\" src=\"https:\/\/www.minicity.it\/blog\/wp-content\/uploads\/2011\/09\/bekybay-bellariaigeamarina.jpg\" alt=\"\" width=\"200\" height=\"141\" \/><\/a>Dopo un&#8217;estate di successi al <strong>Beky Bay<\/strong> di Bellaria Igea marina, arriva la chiusura questa domenica.<\/p>\n<p><strong>Bellaria Igea Marina<\/strong>.L&#8217;estate 2011 \u00e8 stato un gran successo per il Beky Bay e arrivati ormai alla fine questa <strong>domenica 11 Settembre<\/strong> si festegger\u00e0 la chiusura con una grande festa che avr\u00e0 inizio gi\u00e0 dalle 16 dallo slogan &#8220;Onda lesta closing fiesta&#8221;.<\/p>\n<p>Il responsabile della gestione Andrea Lucchi conferma il successo per la stagione appena passata dove si parla di 4 mila presenze durante le serate dei concerti come quello di Cristina d&#8217;Avena e Quintorigo, mentre di 2 mila presenze di media durante le altre serate. Questa \u00e8 la terza stagione del Beky Bay sotto la gestione di Lucchi che ha visto una crescita notevole in questi 3 anni che hanno portato il locale sulla spiaggia a svolgere animazione turistica anche di giorno.<\/p>\n<p>Col tempo migliorato anche il rapporto con i residenti dice il gestore dove il Beky Bay cerca sempre di far osservare le regole su parcheggi\u00a0 e rumore&#8230;<\/p>\n<p>La chiusura questa domenica 11 Settembre dalle 16 in poi.<\/p>\n","protected":false},"excerpt":{"rendered":"<p>Dopo un&rsquo;estate di successi al Beky Bay di Bellaria Igea marina, arriva la chiusura questa domenica. Bellaria Igea Marina.L&rsquo;estate 2011 &egrave; stato un gran successo per il Beky Bay e arrivati ormai alla fine questa domenica 11 Settembre si festegger&agrave; la chiusura con una grande festa che avr&agrave; inizio gi&agrave; dalle 16 dallo slogan &ldquo;Onda &#8230;<a class=\"post-readmore\" href=\"https:\/\/www.minicity.it\/blog\/2011\/09\/chiusura-beky-bay-bellaria-igea-marina\/\">read more<\/a><\/p>\n","protected":false},"author":1,"featured_media":0,"comment_status":"open","ping_status":"open","sticky":false,"template":"","format":"standard","meta":{"footnotes":""},"categories":[3],"tags":[31,33],"class_list":["post-1554","post","type-post","status-publish","format-standard","hentry","category-turismo","tag-bellaria-igea-marina","tag-eventi-riviera"],"aioseo_notices":[],"_links":{"self":[{"href":"https:\/\/www.minicity.it\/blog\/wp-json\/wp\/v2\/posts\/1554","targetHints":{"allow":["GET"]}}],"collection":[{"href":"https:\/\/www.minicity.it\/blog\/wp-json\/wp\/v2\/posts"}],"about":[{"href":"https:\/\/www.minicity.it\/blog\/wp-json\/wp\/v2\/types\/post"}],"author":[{"embeddable":true,"href":"https:\/\/www.minicity.it\/blog\/wp-json\/wp\/v2\/users\/1"}],"replies":[{"embeddable":true,"href":"https:\/\/www.minicity.it\/blog\/wp-json\/wp\/v2\/comments?post=1554"}],"version-history":[{"count":0,"href":"https:\/\/www.minicity.it\/blog\/wp-json\/wp\/v2\/posts\/1554\/revisions"}],"wp:attachment":[{"href":"https:\/\/www.minicity.it\/blog\/wp-json\/wp\/v2\/media?parent=1554"}],"wp:term":[{"taxonomy":"category","embeddable":true,"href":"https:\/\/www.minicity.it\/blog\/wp-json\/wp\/v2\/categories?post=1554"},{"taxonomy":"post_tag","embeddable":true,"href":"https:\/\/www.minicity.it\/blog\/wp-json\/wp\/v2\/tags?post=1554"}],"curies":[{"name":"wp","href":"https:\/\/api.w.org\/{rel}","templated":true}]}}