{"id":1571,"date":"2011-09-12T10:00:44","date_gmt":"2011-09-12T10:00:44","guid":{"rendered":"https:\/\/www.minicity.it\/blog\/?p=1571"},"modified":"2011-09-20T08:28:27","modified_gmt":"2011-09-20T08:28:27","slug":"capodanno-rai-2012-addio-capodanno-rosa","status":"publish","type":"post","link":"https:\/\/www.minicity.it\/blog\/2011\/09\/capodanno-rai-2012-addio-capodanno-rosa\/","title":{"rendered":"Capodanno Rai Addio! arriva il Capodanno Rosa?"},"content":{"rendered":"<p><a href=\"https:\/\/www.minicity.it\/blog\/wp-content\/uploads\/2011\/09\/capodanno-rosa2012.jpg\"><img loading=\"lazy\" decoding=\"async\" class=\"alignleft size-full wp-image-1572\" title=\"capodanno-rosa2012\" src=\"https:\/\/www.minicity.it\/blog\/wp-content\/uploads\/2011\/09\/capodanno-rosa2012.jpg\" alt=\"\" width=\"200\" height=\"139\" \/><\/a>Non \u00e8 ancora finita la stagione e gi\u00e0 si sta pensando al <strong>Capodanno 2012<\/strong>&#8230;<\/p>\n<p><strong>RIMINI.<\/strong> Dopo aver detto che i soldi per finanziare il <strong>Capodanno Rai<\/strong> non ci sono, si sta gi\u00e0 pensando di inventare un nuovo evento meno costoso e pi\u00f9 sobrio:<strong> La Notte Rosa d&#8217;inverno<\/strong>. Sicuramente non \u00e8 nuovo questo nome, ma potrebbe essere un ottimo richiamo al grande evento di successo della Notte Rosa che in questi ultimi anni sta avendo un grosso successo&#8230;<\/p>\n<p>Al momento per il Capodanno Rai si deve ancora avere una conferma definitiva, anche se il sindaco Andrea Gnassi ha gi\u00e0 detto la sua durante l&#8217;incontro con le categorie economiche: <em>&#8220;Se pagate voi si fa, diversamente le telecamere si spengono&#8221;<\/em>. La decisione finale si prender\u00e0 a inizio di questa settimana.<\/p>\n<p>L&#8217;assessore provinciale al turismo <strong>Fabio Galli<\/strong> ha quindi proposto di creare un nuovo evento collettivo in caso il Capodanno Rai dovesse saltare. La proposta \u00e8 di unire le risorse di enti pubblici e componente privata delle citt\u00e0 costiere che partono da Rimini e arrivano fino a Riccione. Tutto questo per continuare a mantenere il brand curato in questi anni del Capodanno in Riviera&#8230;<\/p>\n<p>Sulla stessa linea \u00e8 <strong>Patrizia Rinaldis<\/strong>, presidente degli Albergatori che ribadisce il fatto della mancanza di Fondi e di puntare sulla strada di Galli. Durante l&#8217;incontro anche il leader dei bagnino <strong>Giorgio Mussoni<\/strong>\u00a0 \u00e8 d&#8217;accordo con la decisione dicendo: &#8220;Quando c&#8217;\u00e8 il grasso si fa tutto, ma se non c&#8217;\u00e8 si taglia il Superflo&#8230;&#8221;<\/p>\n<p><a href=\"https:\/\/www.minicity.it\/ita\/rimini\/capodanno-rimini\/index.html\" target=\"_blank\">Maggiori informazioni sul Capodanno a Rimini<\/a><\/p>\n","protected":false},"excerpt":{"rendered":"<p>Non &egrave; ancora finita la stagione e gi&agrave; si sta pensando al Capodanno 2012&hellip; RIMINI. Dopo aver detto che i soldi per finanziare il Capodanno Rai non ci sono, si sta gi&agrave; pensando di inventare un nuovo evento meno costoso e pi&ugrave; sobrio: La Notte Rosa d&rsquo;inverno. Sicuramente non &egrave; nuovo questo nome, ma potrebbe &#8230;<a class=\"post-readmore\" href=\"https:\/\/www.minicity.it\/blog\/2011\/09\/capodanno-rai-2012-addio-capodanno-rosa\/\">read more<\/a><\/p>\n","protected":false},"author":1,"featured_media":0,"comment_status":"open","ping_status":"open","sticky":false,"template":"","format":"standard","meta":{"footnotes":""},"categories":[3],"tags":[53,19,10],"class_list":["post-1571","post","type-post","status-publish","format-standard","hentry","category-turismo","tag-capodanno-rimini","tag-notte-rosa","tag-rimini"],"aioseo_notices":[],"_links":{"self":[{"href":"https:\/\/www.minicity.it\/blog\/wp-json\/wp\/v2\/posts\/1571","targetHints":{"allow":["GET"]}}],"collection":[{"href":"https:\/\/www.minicity.it\/blog\/wp-json\/wp\/v2\/posts"}],"about":[{"href":"https:\/\/www.minicity.it\/blog\/wp-json\/wp\/v2\/types\/post"}],"author":[{"embeddable":true,"href":"https:\/\/www.minicity.it\/blog\/wp-json\/wp\/v2\/users\/1"}],"replies":[{"embeddable":true,"href":"https:\/\/www.minicity.it\/blog\/wp-json\/wp\/v2\/comments?post=1571"}],"version-history":[{"count":0,"href":"https:\/\/www.minicity.it\/blog\/wp-json\/wp\/v2\/posts\/1571\/revisions"}],"wp:attachment":[{"href":"https:\/\/www.minicity.it\/blog\/wp-json\/wp\/v2\/media?parent=1571"}],"wp:term":[{"taxonomy":"category","embeddable":true,"href":"https:\/\/www.minicity.it\/blog\/wp-json\/wp\/v2\/categories?post=1571"},{"taxonomy":"post_tag","embeddable":true,"href":"https:\/\/www.minicity.it\/blog\/wp-json\/wp\/v2\/tags?post=1571"}],"curies":[{"name":"wp","href":"https:\/\/api.w.org\/{rel}","templated":true}]}}