{"id":1582,"date":"2011-09-13T12:34:57","date_gmt":"2011-09-13T12:34:57","guid":{"rendered":"https:\/\/www.minicity.it\/blog\/?p=1582"},"modified":"2011-09-22T08:20:38","modified_gmt":"2011-09-22T08:20:38","slug":"puliamo-il-mondo-riccione-eventi-ecologici","status":"publish","type":"post","link":"https:\/\/www.minicity.it\/blog\/2011\/09\/puliamo-il-mondo-riccione-eventi-ecologici\/","title":{"rendered":"&#8220;Puliamo il mondo&#8221; a Riccione"},"content":{"rendered":"<p><strong><a href=\"https:\/\/www.minicity.it\/blog\/wp-content\/uploads\/2011\/09\/pulireambientericcione.jpg\"><img loading=\"lazy\" decoding=\"async\" class=\"alignleft size-full wp-image-1583\" title=\"pulireambientericcione\" src=\"https:\/\/www.minicity.it\/blog\/wp-content\/uploads\/2011\/09\/pulireambientericcione.jpg\" alt=\"\" width=\"200\" height=\"150\" \/><\/a>Sabato 17 settembre<\/strong> Riccione si veste di ecologia. A partire <strong>dalle 15:00<\/strong>, infatti, un gruppo di volontari pulir\u00e0 l&#8217;asta fluviale del fiume Marano. Si tratta di un&#8217;iniziativa del <strong>Comune di Riccione<\/strong>, in collaborazione con l&#8217;assessorato all&#8217;Ambiente, la Protezione Civile, Legambiente e le Guardie Ecologiche, che si chiama \u201cPuliamo il Mondo\u201d.<\/p>\n<p>Ci vuole partecipare non deve far altro che trovarsi all&#8217;appuntamento delle 15:00 in via Pirandello, dove verranno formati i gruppi di lavoro. La pulizia vera e propria inizier\u00e0 alle ore 15:30.<\/p>\n<p>E per le 17:00 \u00e8 attesa una gustosa merenda offerta da due panifici della citt\u00e0, che sponsorizzano l&#8217;iniziativa, Bianchi e Partesa Romagna.<\/p>\n<p>L&#8217;iniziativa \u201cPuliamo il Mondo\u201d \u00e8 aperta a tutti coloro che vogliono partecipare, senza limiti di et\u00e0: il Comune offrir\u00e0 il materiale di lavoro, come pinze e sacchetti. Si consiglia un abbigliamento comodo.<\/p>\n","protected":false},"excerpt":{"rendered":"<p>Sabato 17 settembre Riccione si veste di ecologia. A partire dalle 15:00, infatti, un gruppo di volontari pulir&agrave; l&rsquo;asta fluviale del fiume Marano. Si tratta di un&rsquo;iniziativa del Comune di Riccione, in collaborazione con l&rsquo;assessorato all&rsquo;Ambiente, la Protezione Civile, Legambiente e le Guardie Ecologiche, che si chiama &ldquo;Puliamo il Mondo&rdquo;. Ci vuole partecipare non deve &#8230;<a class=\"post-readmore\" href=\"https:\/\/www.minicity.it\/blog\/2011\/09\/puliamo-il-mondo-riccione-eventi-ecologici\/\">read more<\/a><\/p>\n","protected":false},"author":1,"featured_media":0,"comment_status":"open","ping_status":"open","sticky":false,"template":"","format":"standard","meta":{"footnotes":""},"categories":[3],"tags":[33,34],"class_list":["post-1582","post","type-post","status-publish","format-standard","hentry","category-turismo","tag-eventi-riviera","tag-riccione"],"aioseo_notices":[],"_links":{"self":[{"href":"https:\/\/www.minicity.it\/blog\/wp-json\/wp\/v2\/posts\/1582","targetHints":{"allow":["GET"]}}],"collection":[{"href":"https:\/\/www.minicity.it\/blog\/wp-json\/wp\/v2\/posts"}],"about":[{"href":"https:\/\/www.minicity.it\/blog\/wp-json\/wp\/v2\/types\/post"}],"author":[{"embeddable":true,"href":"https:\/\/www.minicity.it\/blog\/wp-json\/wp\/v2\/users\/1"}],"replies":[{"embeddable":true,"href":"https:\/\/www.minicity.it\/blog\/wp-json\/wp\/v2\/comments?post=1582"}],"version-history":[{"count":0,"href":"https:\/\/www.minicity.it\/blog\/wp-json\/wp\/v2\/posts\/1582\/revisions"}],"wp:attachment":[{"href":"https:\/\/www.minicity.it\/blog\/wp-json\/wp\/v2\/media?parent=1582"}],"wp:term":[{"taxonomy":"category","embeddable":true,"href":"https:\/\/www.minicity.it\/blog\/wp-json\/wp\/v2\/categories?post=1582"},{"taxonomy":"post_tag","embeddable":true,"href":"https:\/\/www.minicity.it\/blog\/wp-json\/wp\/v2\/tags?post=1582"}],"curies":[{"name":"wp","href":"https:\/\/api.w.org\/{rel}","templated":true}]}}