{"id":1594,"date":"2011-09-14T10:28:18","date_gmt":"2011-09-14T10:28:18","guid":{"rendered":"https:\/\/www.minicity.it\/blog\/?p=1594"},"modified":"2011-09-14T10:28:18","modified_gmt":"2011-09-14T10:28:18","slug":"alessandro-fiori-in-concerto-a-cesena","status":"publish","type":"post","link":"https:\/\/www.minicity.it\/blog\/2011\/09\/alessandro-fiori-in-concerto-a-cesena\/","title":{"rendered":"Alessandro Fiori in concerto a Cesena"},"content":{"rendered":"<p><strong><a href=\"https:\/\/www.minicity.it\/blog\/wp-content\/uploads\/2011\/09\/alessandrofiori.jpg\"><img loading=\"lazy\" decoding=\"async\" class=\"alignleft size-full wp-image-1595\" title=\"alessandrofiori\" src=\"https:\/\/www.minicity.it\/blog\/wp-content\/uploads\/2011\/09\/alessandrofiori.jpg\" alt=\"\" width=\"200\" height=\"132\" \/><\/a>Gioved\u00ec 22 settembre<\/strong> al Nero su Bianco si terr\u00e0 il concerto di Alessandro Fiori, la voce di Mariposa, che si presenter\u00e0 al pubblico con il suo progetto solista. I Mariposa sono uno dei gruppi pi\u00f9 famosi della scena indipendente italiana e in particolar mondo bolognese: nati alla fine degli anni Novanta hanno una sonorit\u00e0 particolare data dal free-jazz, elettronica e psicadelia. Spesso conditi con testi surreali.<\/p>\n<p>Alessandro Fiori, classe 1976, in quest&#8217;occasione presenter\u00e0 dei brani dal suo album \u201cAttento a me stesso\u201d, lavoro uscito nel 2010 che ricorda, in qualche modo, la canzone d&#8217;autore ma che, allo stesso tempo, se ne distanzia.<\/p>\n<p><strong>Per maggiori informazioni:<\/strong> www.alessandrofiori.net.<\/p>\n<p><strong>Quando:<\/strong> gioved\u00ec 22 settembre<\/p>\n<p><strong>Dove:<\/strong> Nero su Bianco, Corte Dandini, 18 (Cesena)<\/p>\n<p><strong>Costo:<\/strong> ingresso gratuito<\/p>\n","protected":false},"excerpt":{"rendered":"<p>Gioved&igrave; 22 settembre al Nero su Bianco si terr&agrave; il concerto di Alessandro Fiori, la voce di Mariposa, che si presenter&agrave; al pubblico con il suo progetto solista. I Mariposa sono uno dei gruppi pi&ugrave; famosi della scena indipendente italiana e in particolar mondo bolognese: nati alla fine degli anni Novanta hanno una sonorit&agrave; particolare &#8230;<a class=\"post-readmore\" href=\"https:\/\/www.minicity.it\/blog\/2011\/09\/alessandro-fiori-in-concerto-a-cesena\/\">read more<\/a><\/p>\n","protected":false},"author":1,"featured_media":0,"comment_status":"open","ping_status":"open","sticky":false,"template":"","format":"standard","meta":{"footnotes":""},"categories":[3],"tags":[39,33,24],"class_list":["post-1594","post","type-post","status-publish","format-standard","hentry","category-turismo","tag-concerti","tag-eventi-riviera","tag-forli-cesena"],"aioseo_notices":[],"_links":{"self":[{"href":"https:\/\/www.minicity.it\/blog\/wp-json\/wp\/v2\/posts\/1594","targetHints":{"allow":["GET"]}}],"collection":[{"href":"https:\/\/www.minicity.it\/blog\/wp-json\/wp\/v2\/posts"}],"about":[{"href":"https:\/\/www.minicity.it\/blog\/wp-json\/wp\/v2\/types\/post"}],"author":[{"embeddable":true,"href":"https:\/\/www.minicity.it\/blog\/wp-json\/wp\/v2\/users\/1"}],"replies":[{"embeddable":true,"href":"https:\/\/www.minicity.it\/blog\/wp-json\/wp\/v2\/comments?post=1594"}],"version-history":[{"count":0,"href":"https:\/\/www.minicity.it\/blog\/wp-json\/wp\/v2\/posts\/1594\/revisions"}],"wp:attachment":[{"href":"https:\/\/www.minicity.it\/blog\/wp-json\/wp\/v2\/media?parent=1594"}],"wp:term":[{"taxonomy":"category","embeddable":true,"href":"https:\/\/www.minicity.it\/blog\/wp-json\/wp\/v2\/categories?post=1594"},{"taxonomy":"post_tag","embeddable":true,"href":"https:\/\/www.minicity.it\/blog\/wp-json\/wp\/v2\/tags?post=1594"}],"curies":[{"name":"wp","href":"https:\/\/api.w.org\/{rel}","templated":true}]}}