{"id":1614,"date":"2011-09-15T10:54:49","date_gmt":"2011-09-15T10:54:49","guid":{"rendered":"https:\/\/www.minicity.it\/blog\/?p=1614"},"modified":"2011-09-15T10:54:49","modified_gmt":"2011-09-15T10:54:49","slug":"expo-turismo-gay-bergamo-settembre","status":"publish","type":"post","link":"https:\/\/www.minicity.it\/blog\/2011\/09\/expo-turismo-gay-bergamo-settembre\/","title":{"rendered":"Expo del Turismo Gay: Bergamo, 23 e 24 settembre"},"content":{"rendered":"<p><strong><a href=\"https:\/\/www.minicity.it\/blog\/wp-content\/uploads\/2011\/09\/turismoexpogay.jpg\"><img loading=\"lazy\" decoding=\"async\" class=\"alignleft size-full wp-image-1615\" title=\"turismoexpogay\" src=\"https:\/\/www.minicity.it\/blog\/wp-content\/uploads\/2011\/09\/turismoexpogay.jpg\" alt=\"\" width=\"200\" height=\"150\" \/><\/a>A Bergamo<\/strong> si terr\u00e0, il<strong> 23 e 24 settembre prossimo<\/strong>, la prima fiera italiana del <strong>turismo lgbt<\/strong> (lesbico, gay, bisessual e transgender) all&#8217;interno di un&#8217;altra manifestazione legata al mondo del turismo, \u201cNoFrills\u201d.<\/p>\n<p>Durante la due giorni di <strong>Expo del turismo gay<\/strong> i buyer e i seller si incontreranno per fare affari, discutere e proporre nuove strategie su questo settore turistico che \u00e8 in continua espansione: si calcola che oggi rappresenti il 7% del fatturato complessivo del <!--more-->settore turistico. Sar\u00e0 presente la Regione Toscana che solo pochi mesi fa ha lanciato il primo sito ufficiale sul turismo gay e lesbico nella regione, e grandi attori internazionali come gli stati del Vermont e di Denver e la citt\u00e0 di Las Vegas. Sabato 24, dalle ore 13:00, si terr\u00e0 anche un convegno dal titolo &#8220;Turismo gay, un&#8217;opportunit\u00e0 per battere la crisi: ricerche, numeri, ma soprattutto istruzioni e consigli per vendere di pi\u00f9 al meglio&#8221;.<\/p>\n<p>La manifestazione ha avuto il patrocinio di Aitgl (Associazione italiana del turismo gay e lesbian) e di Confindustria Assotravel. Pochi giorni fa \u00e8 arrivato anche il patrocinio di Michela Vittoria Brambilla, che ha porto i suoi migliori auguri all&#8217;iniziativa. La mossa del Ministro del Turismo ha, ovviamente, sollevato polemiche a non finire. A partire dal sottosegretario alla Famiglia, onorevole Carlo Giovanardi, che ha sostenuto che si tratta di una manifestazione che favorisce la \u00abghettizzazione\u00bb; pi\u00f9 dura invece Elena Donazzan (Pdl), assessore alle Politiche dell&#8217;Istruzione e della Formazione del Veneto, che chiede le dimissioni della Brambilla, accusata di parlare come una politica di sinistra: la gente si aspetta, secondo la Donazzan, \u00abriferimenti culturali chiaramente ancorati al rispetto della persona, ai valori conservatrici e cattolici della comunit\u00e0 nazionale. (\u2026) Mica si aspettava che il ministro del Turismo promuovesse in Italia un turismo sessuale che caratterizza Paesi arretrati oggetto di illazioni e volgarit\u00e0\u00bb.<\/p>\n<p><strong>Per maggiori informazioni<\/strong> sulla fiera: <strong>http:\/\/expoturismogay.com<\/strong>.<\/p>\n","protected":false},"excerpt":{"rendered":"<p>A Bergamo si terr&agrave;, il 23 e 24 settembre prossimo, la prima fiera italiana del turismo lgbt (lesbico, gay, bisessual e transgender) all&rsquo;interno di un&rsquo;altra manifestazione legata al mondo del turismo, &ldquo;NoFrills&rdquo;. Durante la due giorni di Expo del turismo gay i buyer e i seller si incontreranno per fare affari, discutere e proporre nuove &#8230;<a class=\"post-readmore\" href=\"https:\/\/www.minicity.it\/blog\/2011\/09\/expo-turismo-gay-bergamo-settembre\/\">read more<\/a><\/p>\n","protected":false},"author":1,"featured_media":0,"comment_status":"open","ping_status":"open","sticky":false,"template":"","format":"standard","meta":{"footnotes":""},"categories":[3],"tags":[52,5,45],"class_list":["post-1614","post","type-post","status-publish","format-standard","hentry","category-turismo","tag-fiere-turismo","tag-notizie","tag-toscana"],"aioseo_notices":[],"_links":{"self":[{"href":"https:\/\/www.minicity.it\/blog\/wp-json\/wp\/v2\/posts\/1614","targetHints":{"allow":["GET"]}}],"collection":[{"href":"https:\/\/www.minicity.it\/blog\/wp-json\/wp\/v2\/posts"}],"about":[{"href":"https:\/\/www.minicity.it\/blog\/wp-json\/wp\/v2\/types\/post"}],"author":[{"embeddable":true,"href":"https:\/\/www.minicity.it\/blog\/wp-json\/wp\/v2\/users\/1"}],"replies":[{"embeddable":true,"href":"https:\/\/www.minicity.it\/blog\/wp-json\/wp\/v2\/comments?post=1614"}],"version-history":[{"count":0,"href":"https:\/\/www.minicity.it\/blog\/wp-json\/wp\/v2\/posts\/1614\/revisions"}],"wp:attachment":[{"href":"https:\/\/www.minicity.it\/blog\/wp-json\/wp\/v2\/media?parent=1614"}],"wp:term":[{"taxonomy":"category","embeddable":true,"href":"https:\/\/www.minicity.it\/blog\/wp-json\/wp\/v2\/categories?post=1614"},{"taxonomy":"post_tag","embeddable":true,"href":"https:\/\/www.minicity.it\/blog\/wp-json\/wp\/v2\/tags?post=1614"}],"curies":[{"name":"wp","href":"https:\/\/api.w.org\/{rel}","templated":true}]}}