{"id":1618,"date":"2011-09-15T11:11:17","date_gmt":"2011-09-15T11:11:17","guid":{"rendered":"https:\/\/www.minicity.it\/blog\/?p=1618"},"modified":"2011-09-15T11:11:17","modified_gmt":"2011-09-15T11:11:17","slug":"pane-nostrum-a-senigalia-prodotti-tipici-marchigiani","status":"publish","type":"post","link":"https:\/\/www.minicity.it\/blog\/2011\/09\/pane-nostrum-a-senigalia-prodotti-tipici-marchigiani\/","title":{"rendered":"Pane Nostrum a Senigalia fino al 18 settembre"},"content":{"rendered":"<p><strong><a href=\"https:\/\/www.minicity.it\/blog\/wp-content\/uploads\/2011\/09\/panenostrumsenigallia.jpg\"><img loading=\"lazy\" decoding=\"async\" class=\"alignleft size-full wp-image-1620\" title=\"panenostrumsenigallia\" src=\"https:\/\/www.minicity.it\/blog\/wp-content\/uploads\/2011\/09\/panenostrumsenigallia.jpg\" alt=\"\" width=\"200\" height=\"81\" \/><\/a>Dal 15 al 18 settembre<\/strong> Senigallia \u00e8 la citt\u00e0 del pane. La citt\u00e0 marchigiana ospiter\u00e0, infatti, \u201cPane Nostrum\u201d, una manifestazione che si occupa del pane in tutte le sue forme e che da oltre dieci anni si tiene in questo<!--more--> periodo dell&#8217;anno. \u201cPane Nostrum\u201d verr\u00e0 allestita nel centro di Senigallia, tra piazza del Duce e il Palazzetto Baviera e il tema di questa edizione sar\u00e0 \u201cI Pani delle terre che abbracciano l&#8217;Adriatico\u201d.<\/p>\n<p>Si tratta quindi di un appuntamento dal respiro internazionale, che proporr\u00e0 dei \u201cfornai\u201d o meglio, dei \u201cpanificatori\u201d in arrivo da diversi paesi che si affacciano sul mare Adriatico: Serba, Albania, Croazia, Federazione di Bosnia ed Erzegovina, Montenegro, Slovenia e Grecia. Questi saranno affiancati da altri in arrivo da Marche, Abruzzo, Emilia-Romagna, Calabria e Toscana.<\/p>\n<p>D&#8217;altronde il pane \u00e8 una caratteristica che unisce moltissime culture alimentari, sopratutto quelle che si affacciano sui mari.<\/p>\n<p>Tutto quello che troverete a <strong>\u201cPane Nostrum\u201d<\/strong> sar\u00e0 a base di pane, appunti, dal sushi, alle uova con pancetta, dal baccal\u00e0 al tiramis\u00f9 (che si fa con il pane secco del giorno prima).<\/p>\n<p>Durante i quattro giorni della manifestazione Senigallia sar\u00e0 teatro di laboratori dove imparare a fare il pane (gratuiti), work shop di panificazione per le scuole, giochi a tema, spettacoli con forni a cielo aperto e fornai al lavoro.<\/p>\n<p>A \u201cPane Nostrum\u201d ci sar\u00e0 anche uno spazio per i <strong>prodotti tipici marchigiani<\/strong>, con le associazioni di agricoltori che presentano i loro prodotti e degustazione di vini e birre in collaborazione con Slow Food. Per informazioni chiamare il numero 338 7547793 o consultare il sito internet www.panenostrum.com.<\/p>\n","protected":false},"excerpt":{"rendered":"<p>Dal 15 al 18 settembre Senigallia &egrave; la citt&agrave; del pane. La citt&agrave; marchigiana ospiter&agrave;, infatti, &ldquo;Pane Nostrum&rdquo;, una manifestazione che si occupa del pane in tutte le sue forme e che da oltre dieci anni si tiene in questo<\/p>\n","protected":false},"author":1,"featured_media":0,"comment_status":"open","ping_status":"open","sticky":false,"template":"","format":"standard","meta":{"footnotes":""},"categories":[3],"tags":[33,32],"class_list":["post-1618","post","type-post","status-publish","format-standard","hentry","category-turismo","tag-eventi-riviera","tag-marche"],"aioseo_notices":[],"_links":{"self":[{"href":"https:\/\/www.minicity.it\/blog\/wp-json\/wp\/v2\/posts\/1618","targetHints":{"allow":["GET"]}}],"collection":[{"href":"https:\/\/www.minicity.it\/blog\/wp-json\/wp\/v2\/posts"}],"about":[{"href":"https:\/\/www.minicity.it\/blog\/wp-json\/wp\/v2\/types\/post"}],"author":[{"embeddable":true,"href":"https:\/\/www.minicity.it\/blog\/wp-json\/wp\/v2\/users\/1"}],"replies":[{"embeddable":true,"href":"https:\/\/www.minicity.it\/blog\/wp-json\/wp\/v2\/comments?post=1618"}],"version-history":[{"count":0,"href":"https:\/\/www.minicity.it\/blog\/wp-json\/wp\/v2\/posts\/1618\/revisions"}],"wp:attachment":[{"href":"https:\/\/www.minicity.it\/blog\/wp-json\/wp\/v2\/media?parent=1618"}],"wp:term":[{"taxonomy":"category","embeddable":true,"href":"https:\/\/www.minicity.it\/blog\/wp-json\/wp\/v2\/categories?post=1618"},{"taxonomy":"post_tag","embeddable":true,"href":"https:\/\/www.minicity.it\/blog\/wp-json\/wp\/v2\/tags?post=1618"}],"curies":[{"name":"wp","href":"https:\/\/api.w.org\/{rel}","templated":true}]}}