{"id":1622,"date":"2011-09-15T11:41:38","date_gmt":"2011-09-15T11:41:38","guid":{"rendered":"https:\/\/www.minicity.it\/blog\/?p=1622"},"modified":"2011-09-15T11:41:38","modified_gmt":"2011-09-15T11:41:38","slug":"conferenza-internazionale-su-turismo-e-management","status":"publish","type":"post","link":"https:\/\/www.minicity.it\/blog\/2011\/09\/conferenza-internazionale-su-turismo-e-management\/","title":{"rendered":"Conferenza Internazionale su Turismo e Management"},"content":{"rendered":"<p><a href=\"https:\/\/www.minicity.it\/blog\/wp-content\/uploads\/2011\/09\/conferenzeturismo.jpg\"><img loading=\"lazy\" decoding=\"async\" class=\"alignleft size-full wp-image-1623\" title=\"conferenzeturismo\" src=\"https:\/\/www.minicity.it\/blog\/wp-content\/uploads\/2011\/09\/conferenzeturismo.jpg\" alt=\"\" width=\"200\" height=\"150\" \/><\/a>Oggi e domani si terr\u00e0 la prima <strong>conferenza internazionale<\/strong> dedicata al <strong>Turismo e Management<\/strong>&#8230;<\/p>\n<p><strong>RIMINI.<\/strong> Oggi e domani da tutto il mondo arriveranno docenti e manager per partecipare alla prima conferenza internazionale su turismo e management. <strong>Dove?<\/strong> Tutto questo presso l&#8217;<strong>aula magna di Via Angher\u00e0<\/strong> di Rimini&#8230;.<\/p>\n<p>L&#8217;evento \u00e8 organizzato e promosso dall&#8217;Eiasm, la Facolt\u00e0 di Economia di Rimini, l&#8217;Rcea e Uni.Rimini spa. La scelta di Rimini \u00e8 stata dovuta anche dal fatto che \u00e8 una localit\u00e0 ben nota per la sua vocazione turistica e la sua presenza in questo settore ormai da diverso tempo.<\/p>\n<p>Fino a Venerd\u00ec saranno quindi presenti esperti del settore provenienti da ben 30 paesi diversi e quindi portando un grosso prestigio in citt\u00e0. Saranno affrontati temi diversi fra cui l&#8217;aspetto scientifico insieme agli argomenti che i manager proporranno&#8230;<\/p>\n","protected":false},"excerpt":{"rendered":"<p>Oggi e domani si terr&agrave; la prima conferenza internazionale dedicata al Turismo e Management&hellip; RIMINI. Oggi e domani da tutto il mondo arriveranno docenti e manager per partecipare alla prima conferenza internazionale su turismo e management. Dove? Tutto questo presso l&rsquo;aula magna di Via Angher&agrave; di Rimini&hellip;. L&rsquo;evento &egrave; organizzato e promosso dall&rsquo;Eiasm, la Facolt&agrave; &#8230;<a class=\"post-readmore\" href=\"https:\/\/www.minicity.it\/blog\/2011\/09\/conferenza-internazionale-su-turismo-e-management\/\">read more<\/a><\/p>\n","protected":false},"author":1,"featured_media":0,"comment_status":"open","ping_status":"open","sticky":false,"template":"","format":"standard","meta":{"footnotes":""},"categories":[3],"tags":[5,10],"class_list":["post-1622","post","type-post","status-publish","format-standard","hentry","category-turismo","tag-notizie","tag-rimini"],"aioseo_notices":[],"_links":{"self":[{"href":"https:\/\/www.minicity.it\/blog\/wp-json\/wp\/v2\/posts\/1622","targetHints":{"allow":["GET"]}}],"collection":[{"href":"https:\/\/www.minicity.it\/blog\/wp-json\/wp\/v2\/posts"}],"about":[{"href":"https:\/\/www.minicity.it\/blog\/wp-json\/wp\/v2\/types\/post"}],"author":[{"embeddable":true,"href":"https:\/\/www.minicity.it\/blog\/wp-json\/wp\/v2\/users\/1"}],"replies":[{"embeddable":true,"href":"https:\/\/www.minicity.it\/blog\/wp-json\/wp\/v2\/comments?post=1622"}],"version-history":[{"count":0,"href":"https:\/\/www.minicity.it\/blog\/wp-json\/wp\/v2\/posts\/1622\/revisions"}],"wp:attachment":[{"href":"https:\/\/www.minicity.it\/blog\/wp-json\/wp\/v2\/media?parent=1622"}],"wp:term":[{"taxonomy":"category","embeddable":true,"href":"https:\/\/www.minicity.it\/blog\/wp-json\/wp\/v2\/categories?post=1622"},{"taxonomy":"post_tag","embeddable":true,"href":"https:\/\/www.minicity.it\/blog\/wp-json\/wp\/v2\/tags?post=1622"}],"curies":[{"name":"wp","href":"https:\/\/api.w.org\/{rel}","templated":true}]}}