{"id":1627,"date":"2011-09-16T08:28:34","date_gmt":"2011-09-16T08:28:34","guid":{"rendered":"https:\/\/www.minicity.it\/blog\/?p=1627"},"modified":"2011-09-16T08:28:34","modified_gmt":"2011-09-16T08:28:34","slug":"cesena-tributo-a-jeff-buckey","status":"publish","type":"post","link":"https:\/\/www.minicity.it\/blog\/2011\/09\/cesena-tributo-a-jeff-buckey\/","title":{"rendered":"Cesena: tributo a Jeff Buckey"},"content":{"rendered":"<p><strong><a href=\"https:\/\/www.minicity.it\/blog\/wp-content\/uploads\/2011\/09\/JeffBuckeytributo.jpg\"><img loading=\"lazy\" decoding=\"async\" class=\"alignleft size-full wp-image-1628\" title=\"JeffBuckeytributo\" src=\"https:\/\/www.minicity.it\/blog\/wp-content\/uploads\/2011\/09\/JeffBuckeytributo.jpg\" alt=\"\" width=\"200\" height=\"276\" \/><\/a>Jeff Buckey<\/strong> al Magazzino Parallelo a Cesena si esibir\u00e0 una cover band d&#8217;eccezione, in tributo a un musicista d&#8217;eccezione. \u201cThe Grace\u201d, in tributo a <strong>Jeff Bucley<\/strong>. Il trio formato da Andrea Costa (violino, gi\u00e0 Quintorigo), Claudio Belgrave (voce &amp; batteria) e Francesco Cilio (bi-chitarra acustica) faranno rivivere i pi\u00f9 grandi successi del grande musicista statunitense morto annegato all&#8217;et\u00e0 di 31 anni.<\/p>\n<p>Il progetto \u201cThe Grace\u201d eseguir\u00e0 sopratutto pezzi acustici, con una batteria solo cassa, rullante e charleston, una chitarra amplificata e violino.<\/p>\n<p><strong>Dove:<\/strong> Magazzino Parallelo, via Genova (Cesena)<\/p>\n<p><strong>Quando:<\/strong> sabato 17 settembre<\/p>\n<p><strong>Costo:<\/strong> entrata gratuita con tessera Arci<\/p>\n","protected":false},"excerpt":{"rendered":"<p>Jeff Buckey al Magazzino Parallelo a Cesena si esibir&agrave; una cover band d&rsquo;eccezione, in tributo a un musicista d&rsquo;eccezione. &ldquo;The Grace&rdquo;, in tributo a Jeff Bucley. Il trio formato da Andrea Costa (violino, gi&agrave; Quintorigo), Claudio Belgrave (voce &amp; batteria) e Francesco Cilio (bi-chitarra acustica) faranno rivivere i pi&ugrave; grandi successi del grande musicista statunitense &#8230;<a class=\"post-readmore\" href=\"https:\/\/www.minicity.it\/blog\/2011\/09\/cesena-tributo-a-jeff-buckey\/\">read more<\/a><\/p>\n","protected":false},"author":1,"featured_media":0,"comment_status":"open","ping_status":"open","sticky":false,"template":"","format":"standard","meta":{"footnotes":""},"categories":[3],"tags":[39,24],"class_list":["post-1627","post","type-post","status-publish","format-standard","hentry","category-turismo","tag-concerti","tag-forli-cesena"],"aioseo_notices":[],"_links":{"self":[{"href":"https:\/\/www.minicity.it\/blog\/wp-json\/wp\/v2\/posts\/1627","targetHints":{"allow":["GET"]}}],"collection":[{"href":"https:\/\/www.minicity.it\/blog\/wp-json\/wp\/v2\/posts"}],"about":[{"href":"https:\/\/www.minicity.it\/blog\/wp-json\/wp\/v2\/types\/post"}],"author":[{"embeddable":true,"href":"https:\/\/www.minicity.it\/blog\/wp-json\/wp\/v2\/users\/1"}],"replies":[{"embeddable":true,"href":"https:\/\/www.minicity.it\/blog\/wp-json\/wp\/v2\/comments?post=1627"}],"version-history":[{"count":0,"href":"https:\/\/www.minicity.it\/blog\/wp-json\/wp\/v2\/posts\/1627\/revisions"}],"wp:attachment":[{"href":"https:\/\/www.minicity.it\/blog\/wp-json\/wp\/v2\/media?parent=1627"}],"wp:term":[{"taxonomy":"category","embeddable":true,"href":"https:\/\/www.minicity.it\/blog\/wp-json\/wp\/v2\/categories?post=1627"},{"taxonomy":"post_tag","embeddable":true,"href":"https:\/\/www.minicity.it\/blog\/wp-json\/wp\/v2\/tags?post=1627"}],"curies":[{"name":"wp","href":"https:\/\/api.w.org\/{rel}","templated":true}]}}