{"id":1643,"date":"2011-09-20T08:23:33","date_gmt":"2011-09-20T08:23:33","guid":{"rendered":"https:\/\/www.minicity.it\/blog\/?p=1643"},"modified":"2011-09-20T08:23:33","modified_gmt":"2011-09-20T08:23:33","slug":"misano-adriatico-in-vacanza-da-40-anni-premio-fedelta","status":"publish","type":"post","link":"https:\/\/www.minicity.it\/blog\/2011\/09\/misano-adriatico-in-vacanza-da-40-anni-premio-fedelta\/","title":{"rendered":"Misano Adriatico: in vacanza da 40 anni (Premio Fedelt\u00e0)"},"content":{"rendered":"<p><a href=\"https:\/\/www.minicity.it\/blog\/wp-content\/uploads\/2011\/09\/premiofedeltamisano.jpg\"><img loading=\"lazy\" decoding=\"async\" class=\"alignleft size-full wp-image-1644\" title=\"premiofedeltamisano\" src=\"https:\/\/www.minicity.it\/blog\/wp-content\/uploads\/2011\/09\/premiofedeltamisano.jpg\" alt=\"\" width=\"200\" height=\"183\" \/><\/a>Turisti premiati per la loro fedelt\u00e0 nel scegliere Misano Adriatico come citt\u00e0 per le loro vacanze&#8230;<\/p>\n<p><strong>MISANO ADRIATICO.<\/strong> La famiglia Lubke hanno scelto la citt\u00e0 romagnola come meta delle proprie vacanze per 40 anni di fila soggiornando all&#8217;<strong>Hotel Milton<\/strong>. Il loro primo viaggio fu in occasione delle loro nozze.<\/p>\n<p><strong>A premiare<\/strong> la famiglia Lubke sono stati il sindaco di Misano Stefano Giannini e l&#8217;assessore al turismo Claudio Baschetti insieme alla famiglia che gestisce l&#8217;Hotel Milton. Oggi dopo 40 anni tornano con il loro figlio in vacanza a Misano, dove ogni anno la famiglia Lubke torna almeno 2 volte (una volta a giugno e una a settembre).<\/p>\n<p><strong>La famiglia Lubke<\/strong> oltre ad amare la citt\u00e0 di Misano, fanno anche pubblicit\u00e0 alla localit\u00e0 facendo conoscere\u00a0 ai loro amici tedeschi la bellezza e l&#8217;accoglienza che offre Misano insieme all&#8217;hotel Milton&#8230;<\/p>\n","protected":false},"excerpt":{"rendered":"<p>Turisti premiati per la loro fedelt&agrave; nel scegliere Misano Adriatico come citt&agrave; per le loro vacanze&hellip; MISANO ADRIATICO. La famiglia Lubke hanno scelto la citt&agrave; romagnola come meta delle proprie vacanze per 40 anni di fila soggiornando all&rsquo;Hotel Milton. Il loro primo viaggio fu in occasione delle loro nozze. A premiare la famiglia Lubke sono &#8230;<a class=\"post-readmore\" href=\"https:\/\/www.minicity.it\/blog\/2011\/09\/misano-adriatico-in-vacanza-da-40-anni-premio-fedelta\/\">read more<\/a><\/p>\n","protected":false},"author":1,"featured_media":0,"comment_status":"open","ping_status":"open","sticky":false,"template":"","format":"standard","meta":{"footnotes":""},"categories":[3],"tags":[36,30],"class_list":["post-1643","post","type-post","status-publish","format-standard","hentry","category-turismo","tag-misano-adriatico","tag-servizi-hotel"],"aioseo_notices":[],"_links":{"self":[{"href":"https:\/\/www.minicity.it\/blog\/wp-json\/wp\/v2\/posts\/1643","targetHints":{"allow":["GET"]}}],"collection":[{"href":"https:\/\/www.minicity.it\/blog\/wp-json\/wp\/v2\/posts"}],"about":[{"href":"https:\/\/www.minicity.it\/blog\/wp-json\/wp\/v2\/types\/post"}],"author":[{"embeddable":true,"href":"https:\/\/www.minicity.it\/blog\/wp-json\/wp\/v2\/users\/1"}],"replies":[{"embeddable":true,"href":"https:\/\/www.minicity.it\/blog\/wp-json\/wp\/v2\/comments?post=1643"}],"version-history":[{"count":0,"href":"https:\/\/www.minicity.it\/blog\/wp-json\/wp\/v2\/posts\/1643\/revisions"}],"wp:attachment":[{"href":"https:\/\/www.minicity.it\/blog\/wp-json\/wp\/v2\/media?parent=1643"}],"wp:term":[{"taxonomy":"category","embeddable":true,"href":"https:\/\/www.minicity.it\/blog\/wp-json\/wp\/v2\/categories?post=1643"},{"taxonomy":"post_tag","embeddable":true,"href":"https:\/\/www.minicity.it\/blog\/wp-json\/wp\/v2\/tags?post=1643"}],"curies":[{"name":"wp","href":"https:\/\/api.w.org\/{rel}","templated":true}]}}