{"id":1648,"date":"2011-09-20T09:08:39","date_gmt":"2011-09-20T09:08:39","guid":{"rendered":"https:\/\/www.minicity.it\/blog\/?p=1648"},"modified":"2011-09-20T09:08:39","modified_gmt":"2011-09-20T09:08:39","slug":"capodanno-rai-a-rimini-2012","status":"publish","type":"post","link":"https:\/\/www.minicity.it\/blog\/2011\/09\/capodanno-rai-a-rimini-2012\/","title":{"rendered":"Capodanno Rai a Rimini: quest&#8217;anno non si far\u00e0"},"content":{"rendered":"<p><a href=\"https:\/\/www.minicity.it\/blog\/wp-content\/uploads\/2011\/09\/capodannorairimini.jpg\"><img loading=\"lazy\" decoding=\"async\" class=\"alignleft size-full wp-image-1653\" title=\"capodannorairimini\" src=\"https:\/\/www.minicity.it\/blog\/wp-content\/uploads\/2011\/09\/capodannorairimini.jpg\" alt=\"\" width=\"200\" height=\"154\" \/><\/a>Arriva la decisione ufficiale sulla questione del <strong>Capodanno Rai<\/strong> a <strong>Rimini<\/strong>: quest&#8217;anno non si far\u00e0 per mancanza di fondi&#8230;<\/p>\n<p><strong>RIMINI. <\/strong>Dopo 8 edizioni del Capodanno Rai a Rimini in piazzale Fellini<strong>,<\/strong> quest&#8217;anno non si far\u00e0 anche se la porta rimane aperta per eventuali colpi di scena&#8230; le parole del sindaco Andrea Gnassi:<\/p>\n<blockquote><p>Purtroppo non ci sono i presupposti, non ci sono le condizioni economiche. La somma che richiede Rai resta troppo distante da quella che possiamo mettere sul piatto<\/p><\/blockquote>\n<p>Dire no ad un evento cos\u00ec importante non \u00e8 stato facile visto la popolarit\u00e0 che ha portato in questi anni durante il Capodanno a Rimini, ma ieri il sindaco ha incontrato il produttore televisivo che nella giornata di domenica gli aveva dato l&#8217;ultimatum per una decisione definitiva, confermando l&#8217;annullamento del Capodanno Rai per il 2012.<\/p>\n<p>Quello de Capodanno Rai era un matrimonio con Rimini che era in atto dal 2003. Per il momento i rapporti con il produttore Ballandi rimangono aperti per una eventuale collaborazione che si valuter\u00e0 nei prossimi giorni.<\/p>\n<p>Anche l&#8217;appello alle categorie \u00e8 saltato, visto che si era chiesto di mettere mano ai portafogli per salvare questo evento. Su questo si sta pensando di organizzare un altro evento pi\u00f9 locale simile alla Notte Rosa come era <a href=\"https:\/\/www.minicity.it\/blog\/2011\/09\/capodanno-rai-2012-addio-capodanno-rosa\/\" target=\"_blank\">emerso in questa occasione<\/a>.<\/p>\n<p>Per il momento il Comune ha deciso che 250 mila euro sono troppi per finanziare il Capodanno Rai e non resta vedere cosa si inventer\u00e0 la citt\u00e0 in occasione del Capodanno 2012&#8230;<\/p>\n","protected":false},"excerpt":{"rendered":"<p>Arriva la decisione ufficiale sulla questione del Capodanno Rai a Rimini: quest&rsquo;anno non si far&agrave; per mancanza di fondi&hellip; RIMINI. Dopo 8 edizioni del Capodanno Rai a Rimini in piazzale Fellini, quest&rsquo;anno non si far&agrave; anche se la porta rimane aperta per eventuali colpi di scena&hellip; le parole del sindaco Andrea Gnassi: Purtroppo non ci &#8230;<a class=\"post-readmore\" href=\"https:\/\/www.minicity.it\/blog\/2011\/09\/capodanno-rai-a-rimini-2012\/\">read more<\/a><\/p>\n","protected":false},"author":1,"featured_media":0,"comment_status":"open","ping_status":"open","sticky":false,"template":"","format":"standard","meta":{"footnotes":""},"categories":[3],"tags":[53,5,10],"class_list":["post-1648","post","type-post","status-publish","format-standard","hentry","category-turismo","tag-capodanno-rimini","tag-notizie","tag-rimini"],"aioseo_notices":[],"_links":{"self":[{"href":"https:\/\/www.minicity.it\/blog\/wp-json\/wp\/v2\/posts\/1648","targetHints":{"allow":["GET"]}}],"collection":[{"href":"https:\/\/www.minicity.it\/blog\/wp-json\/wp\/v2\/posts"}],"about":[{"href":"https:\/\/www.minicity.it\/blog\/wp-json\/wp\/v2\/types\/post"}],"author":[{"embeddable":true,"href":"https:\/\/www.minicity.it\/blog\/wp-json\/wp\/v2\/users\/1"}],"replies":[{"embeddable":true,"href":"https:\/\/www.minicity.it\/blog\/wp-json\/wp\/v2\/comments?post=1648"}],"version-history":[{"count":0,"href":"https:\/\/www.minicity.it\/blog\/wp-json\/wp\/v2\/posts\/1648\/revisions"}],"wp:attachment":[{"href":"https:\/\/www.minicity.it\/blog\/wp-json\/wp\/v2\/media?parent=1648"}],"wp:term":[{"taxonomy":"category","embeddable":true,"href":"https:\/\/www.minicity.it\/blog\/wp-json\/wp\/v2\/categories?post=1648"},{"taxonomy":"post_tag","embeddable":true,"href":"https:\/\/www.minicity.it\/blog\/wp-json\/wp\/v2\/tags?post=1648"}],"curies":[{"name":"wp","href":"https:\/\/api.w.org\/{rel}","templated":true}]}}