{"id":1668,"date":"2011-09-20T11:50:50","date_gmt":"2011-09-20T11:50:50","guid":{"rendered":"https:\/\/www.minicity.it\/blog\/?p=1668"},"modified":"2011-09-20T11:50:50","modified_gmt":"2011-09-20T11:50:50","slug":"turismo-cervia-come-aumentare-la-redditivita-delle-imprese","status":"publish","type":"post","link":"https:\/\/www.minicity.it\/blog\/2011\/09\/turismo-cervia-come-aumentare-la-redditivita-delle-imprese\/","title":{"rendered":"Turismo Cervia: &#8220;Come aumentare la redditivit\u00e0 delle imprese&#8221;"},"content":{"rendered":"<p><a href=\"https:\/\/www.minicity.it\/blog\/wp-content\/uploads\/2011\/03\/cervia.jpg\"><img loading=\"lazy\" decoding=\"async\" class=\"alignleft size-full wp-image-385\" title=\"cervia\" src=\"https:\/\/www.minicity.it\/blog\/wp-content\/uploads\/2011\/03\/cervia.jpg\" alt=\"\" width=\"200\" height=\"133\" \/><\/a>Arrivati alla fine della stagione, Asshotel apre la stagione delle assemble&#8230;<\/p>\n<p><strong>CERVIA.<\/strong> Dopo una stagione durata pi\u00f9 del solito grazie al bel tempo di Settembre, <strong>domani alle ore 15:30<\/strong> presso l&#8217;Hotel Villa Del Mare Spa Resort si terr\u00e0 il primo appuntamento annuale degli albergatori della Confesercenti per fare il punto della situazione.<!--more--><\/p>\n<p>Fra le tematiche di cui si discuter\u00e0, sar\u00e0 presa in considerazione anche il tema delle <strong>prenotazioni online<\/strong> insieme all&#8217;allarme fatturati.<\/p>\n<p>Aspetto principale di cui si parler\u00e0 saranno proprio i fatturati, dove il piatto piange e la causa sarebbe la forte competitivit\u00e0 dei prezzi. Un esempio \u00e8 il mese di Agosto, dove gli <a href=\"https:\/\/www.minicity.it\/ita\/cervia\/hotel-4-stelle\/index.html\" target=\"_blank\">Hotel 4 Stelle di Cervia<\/a> hanno lavorato molto bene con un ritocco dei prezzi a discapito degli hotel a 5 e 3 stelle. Una concorrenza che ha stimolato l&#8217;offerta mantenendo vivo il livello di attrazione anche se a conti fatti sembrerebbe che il tutto abbia portato un decremento del fatturato.<\/p>\n<p>Secondo i dati c&#8217;\u00e8 stato un maggiore afflusso durante i week end insieme a una permanenza media minore con relativa spesa pi\u00f9 bassa dei turisti. Nonostante tutto, il risultato in termini di presenze \u00e8 stato buono secondo la presidente di Asshotel che attribuisce il merito all&#8217;offerta competitiva che gli operatori turistici sono riusciti ad offrire soddisfano la domanda di clienti con meno budget.<\/p>\n<p>Durante l&#8217;assemblea, saranno analizzati argomenti importanti come il <strong>Web Marketing Turistico <\/strong>che risulta essere importantissimo per le prenotazioni alberghiere insieme ad un intervento sul profit management su <strong>come aumentare i profitti in poche mosse.<\/strong>..<strong><\/strong><\/p>\n<p>Inoltre sar\u00e0 presente anche l&#8217;assessore al turismo Maurizio Melucci che in occasione dell&#8217;assemblea presenter\u00e0 le iniziative della Regione che puntanto alla qualificazione delle strutture alberghiere&#8230;<strong><br \/>\n<\/strong><\/p>\n","protected":false},"excerpt":{"rendered":"<p>Arrivati alla fine della stagione, Asshotel apre la stagione delle assemble&hellip; CERVIA. Dopo una stagione durata pi&ugrave; del solito grazie al bel tempo di Settembre, domani alle ore 15:30 presso l&rsquo;Hotel Villa Del Mare Spa Resort si terr&agrave; il primo appuntamento annuale degli albergatori della Confesercenti per fare il punto della situazione.<\/p>\n","protected":false},"author":1,"featured_media":0,"comment_status":"open","ping_status":"open","sticky":false,"template":"","format":"standard","meta":{"footnotes":""},"categories":[3],"tags":[20,30],"class_list":["post-1668","post","type-post","status-publish","format-standard","hentry","category-turismo","tag-cervia","tag-servizi-hotel"],"aioseo_notices":[],"_links":{"self":[{"href":"https:\/\/www.minicity.it\/blog\/wp-json\/wp\/v2\/posts\/1668","targetHints":{"allow":["GET"]}}],"collection":[{"href":"https:\/\/www.minicity.it\/blog\/wp-json\/wp\/v2\/posts"}],"about":[{"href":"https:\/\/www.minicity.it\/blog\/wp-json\/wp\/v2\/types\/post"}],"author":[{"embeddable":true,"href":"https:\/\/www.minicity.it\/blog\/wp-json\/wp\/v2\/users\/1"}],"replies":[{"embeddable":true,"href":"https:\/\/www.minicity.it\/blog\/wp-json\/wp\/v2\/comments?post=1668"}],"version-history":[{"count":0,"href":"https:\/\/www.minicity.it\/blog\/wp-json\/wp\/v2\/posts\/1668\/revisions"}],"wp:attachment":[{"href":"https:\/\/www.minicity.it\/blog\/wp-json\/wp\/v2\/media?parent=1668"}],"wp:term":[{"taxonomy":"category","embeddable":true,"href":"https:\/\/www.minicity.it\/blog\/wp-json\/wp\/v2\/categories?post=1668"},{"taxonomy":"post_tag","embeddable":true,"href":"https:\/\/www.minicity.it\/blog\/wp-json\/wp\/v2\/tags?post=1668"}],"curies":[{"name":"wp","href":"https:\/\/api.w.org\/{rel}","templated":true}]}}