{"id":1674,"date":"2011-09-21T11:36:18","date_gmt":"2011-09-21T11:36:18","guid":{"rendered":"https:\/\/www.minicity.it\/blog\/?p=1674"},"modified":"2011-09-21T11:36:18","modified_gmt":"2011-09-21T11:36:18","slug":"rimini-punta-sul-turismo-congressuale","status":"publish","type":"post","link":"https:\/\/www.minicity.it\/blog\/2011\/09\/rimini-punta-sul-turismo-congressuale\/","title":{"rendered":"Rimini punta sul turismo congressuale"},"content":{"rendered":"<p><a href=\"https:\/\/www.minicity.it\/blog\/wp-content\/uploads\/2011\/09\/palacongressi-rimini.jpg\"><img loading=\"lazy\" decoding=\"async\" class=\"alignleft size-full wp-image-1520\" title=\"palacongressi-rimini\" src=\"https:\/\/www.minicity.it\/blog\/wp-content\/uploads\/2011\/09\/palacongressi-rimini.jpg\" alt=\"\" width=\"224\" height=\"145\" \/><\/a>Rimini intende puntare sul <strong>turismo congressuale<\/strong>. <strong>L&#8217;obiettivo?<\/strong> 5 milioni di presenze entro il 2014 e 380 milioni di euro. Si tratta di previsioni elaborate dall\u2019Osservatorio congressuale riminese. Per questo infatti la citt\u00e0 ha puntato cos\u00ec tanto in questo settore, anche costruendo il nuovo e modernissimo Palacongressi cittadino.<!--more--><\/p>\n<p>I dati confermano questa visione positiva: nel 2009 i turisti da congresso sono aumentati del 47%, con quasi 4000 eventi organizzati nei centri congressi e circa 3000 negli hotel di Rimini. Nel 2009 il settore \u201ccongressi\u201d ha fatturato 421 milioni di euro, con un aumento del 17,9% rispetto al 2009.<\/p>\n<p>Intanto la citt\u00e0 aspetta con ansia l&#8217;<strong>inaugurazione del nuovo Palacongressi<\/strong>, che si terr\u00e0 il 15 e 16 ottobre prossimi. L&#8217;elegante struttura, disegnata dall&#8217;architetto tedesco Volkwin Marg, si estende per 38mila metri quadrati e arriva a ospitare pi\u00f9 di 9mila persone. \u00c8 diviso in 40 sale e ha un parcheggio che pu\u00f2 contenere fino a 1500 auto.<\/p>\n<p>Il sindaco Gnassi definisce la struttura un \u00abvolano per l&#8217;economia della citt\u00e0\u00bb, mentre il Presidente di Rimini Fiera sostiene che il Palacontressi permetter\u00e0 di far aumentare l&#8217;economia cittadina: \u00ab Si pu\u00f2 vincere la competizione soltanto se si immette sul mercato un prodotto di alto livello. E metteremo a disposizione tutta la nostra Riviera, che ora potr\u00e0 contare su una struttura come il Palacongressi\u00bb.<\/p>\n<p><strong>La festa comincer\u00e0<\/strong> alle 17:00, con la presentazione di Kay Rush, giornalista di Radio Montecarlo. Alle 17:30 il vescovo benedir\u00e0 la struttura e il Ministro del Turismo, Michela Vittoria Brambilla, proceder\u00e0 al tradizionale taglio del nastro. Saranno presenti anche il Presidente della Regione, Vasco Errani, e quello di Rimini Fiera, Lorenzo Cagnoni. Seguir\u00e0 una cena e uno spettacoli pirotecnico per tutta la citt\u00e0.<\/p>\n","protected":false},"excerpt":{"rendered":"<p>Rimini intende puntare sul turismo congressuale. L&rsquo;obiettivo? 5 milioni di presenze entro il 2014 e 380 milioni di euro. Si tratta di previsioni elaborate dall&rsquo;Osservatorio congressuale riminese. Per questo infatti la citt&agrave; ha puntato cos&igrave; tanto in questo settore, anche costruendo il nuovo e modernissimo Palacongressi cittadino.<\/p>\n","protected":false},"author":1,"featured_media":0,"comment_status":"open","ping_status":"open","sticky":false,"template":"","format":"standard","meta":{"footnotes":""},"categories":[3],"tags":[46,52,10],"class_list":["post-1674","post","type-post","status-publish","format-standard","hentry","category-turismo","tag-fiere-rimini","tag-fiere-turismo","tag-rimini"],"aioseo_notices":[],"_links":{"self":[{"href":"https:\/\/www.minicity.it\/blog\/wp-json\/wp\/v2\/posts\/1674","targetHints":{"allow":["GET"]}}],"collection":[{"href":"https:\/\/www.minicity.it\/blog\/wp-json\/wp\/v2\/posts"}],"about":[{"href":"https:\/\/www.minicity.it\/blog\/wp-json\/wp\/v2\/types\/post"}],"author":[{"embeddable":true,"href":"https:\/\/www.minicity.it\/blog\/wp-json\/wp\/v2\/users\/1"}],"replies":[{"embeddable":true,"href":"https:\/\/www.minicity.it\/blog\/wp-json\/wp\/v2\/comments?post=1674"}],"version-history":[{"count":0,"href":"https:\/\/www.minicity.it\/blog\/wp-json\/wp\/v2\/posts\/1674\/revisions"}],"wp:attachment":[{"href":"https:\/\/www.minicity.it\/blog\/wp-json\/wp\/v2\/media?parent=1674"}],"wp:term":[{"taxonomy":"category","embeddable":true,"href":"https:\/\/www.minicity.it\/blog\/wp-json\/wp\/v2\/categories?post=1674"},{"taxonomy":"post_tag","embeddable":true,"href":"https:\/\/www.minicity.it\/blog\/wp-json\/wp\/v2\/tags?post=1674"}],"curies":[{"name":"wp","href":"https:\/\/api.w.org\/{rel}","templated":true}]}}