{"id":1728,"date":"2011-09-23T10:03:29","date_gmt":"2011-09-23T10:03:29","guid":{"rendered":"https:\/\/www.minicity.it\/blog\/?p=1728"},"modified":"2011-09-23T10:03:29","modified_gmt":"2011-09-23T10:03:29","slug":"la-tassa-di-soggiorno-arriva-in-emilia-romagna","status":"publish","type":"post","link":"https:\/\/www.minicity.it\/blog\/2011\/09\/la-tassa-di-soggiorno-arriva-in-emilia-romagna\/","title":{"rendered":"La tassa di soggiorno arriva in Emilia-Romagna"},"content":{"rendered":"<p><strong><a href=\"https:\/\/www.minicity.it\/blog\/wp-content\/uploads\/2011\/09\/tassa-soggiorno.jpg\"><img loading=\"lazy\" decoding=\"async\" class=\"alignleft size-full wp-image-1729\" title=\"tassa-soggiorno\" src=\"https:\/\/www.minicity.it\/blog\/wp-content\/uploads\/2011\/09\/tassa-soggiorno.jpg\" alt=\"\" width=\"200\" height=\"132\" \/><\/a>La tassa di soggiorno<\/strong> si affaccia in <strong>Riviera Romagnola<\/strong>. E, nonostante sia stata criticata, discussa e osteggiata potrebbe essere una delle soluzioni per risollevare la sorte dei bilanci delle amministrazioni comunali. Ricordiamo che la tassa di soggiorno \u00e8 un balzello che fa parte delle <!--more-->opzioni che il Decreto sul Federalismo fiscale municipale \u2013 approvato nello scorso marzo \u2013 ha dato ai comuni italiani. In pratica si tratta di aggiungere una \u201cquota\u201d al conto dei turisti sulle notti passate in albergo: questa cifra \u2013 al massimo cinque euro a notte e a persona \u2013 andr\u00e0 nelle casse del comune.<\/p>\n<p>La regione Emilia-Romagna sta prendendo seriamente in considerazione la cosa e, secondo molte voci, pare che la decisione a Bologna sia gi\u00e0 stata presa. Nei giorni a venire Maurizio Mellucci, assessore regionale al Turismo della Regione, convocher\u00e0 tutti i sindaci per discutere della situazione.<\/p>\n<p>Ma in molti in Riviera Romagnola si sono detti disposti a valutare questa opzioni: dagli albergatori riminesi, al sindaco, Andrea Gnassi. E anche i sindaci di Misano, Cattolica, e Riccione sembrano ben disposti. Lo scopo della regione \u00e8 quello di prendere una decisione il pi\u00f9 omogenea possibile perch\u00e9 potrebbe non essere bello, a livello di immagine, applicarla in certi comuni e in altri no. Visti anche i recenti aumenti dell&#8217;Iva al 21% la cosa potrebbe anche essere una manna a doppio taglio per il turismo.<\/p>\n<p>La tassa di soggiorno, se venisse applicata, sarebbe una manna per le amministrazioni comunali: se si facesse pagare un solo euro a turista frutterebbe circa 2 milioni di euro a Bologna, e circa 8 milioni di euro a Rimini.<\/p>\n","protected":false},"excerpt":{"rendered":"<p>La tassa di soggiorno si affaccia in Riviera Romagnola. E, nonostante sia stata criticata, discussa e osteggiata potrebbe essere una delle soluzioni per risollevare la sorte dei bilanci delle amministrazioni comunali. Ricordiamo che la tassa di soggiorno &egrave; un balzello che fa parte delle<\/p>\n","protected":false},"author":7,"featured_media":0,"comment_status":"open","ping_status":"open","sticky":false,"template":"","format":"standard","meta":{"footnotes":""},"categories":[3],"tags":[33,5],"class_list":["post-1728","post","type-post","status-publish","format-standard","hentry","category-turismo","tag-eventi-riviera","tag-notizie"],"aioseo_notices":[],"_links":{"self":[{"href":"https:\/\/www.minicity.it\/blog\/wp-json\/wp\/v2\/posts\/1728","targetHints":{"allow":["GET"]}}],"collection":[{"href":"https:\/\/www.minicity.it\/blog\/wp-json\/wp\/v2\/posts"}],"about":[{"href":"https:\/\/www.minicity.it\/blog\/wp-json\/wp\/v2\/types\/post"}],"author":[{"embeddable":true,"href":"https:\/\/www.minicity.it\/blog\/wp-json\/wp\/v2\/users\/7"}],"replies":[{"embeddable":true,"href":"https:\/\/www.minicity.it\/blog\/wp-json\/wp\/v2\/comments?post=1728"}],"version-history":[{"count":0,"href":"https:\/\/www.minicity.it\/blog\/wp-json\/wp\/v2\/posts\/1728\/revisions"}],"wp:attachment":[{"href":"https:\/\/www.minicity.it\/blog\/wp-json\/wp\/v2\/media?parent=1728"}],"wp:term":[{"taxonomy":"category","embeddable":true,"href":"https:\/\/www.minicity.it\/blog\/wp-json\/wp\/v2\/categories?post=1728"},{"taxonomy":"post_tag","embeddable":true,"href":"https:\/\/www.minicity.it\/blog\/wp-json\/wp\/v2\/tags?post=1728"}],"curies":[{"name":"wp","href":"https:\/\/api.w.org\/{rel}","templated":true}]}}