{"id":1754,"date":"2011-09-27T08:53:03","date_gmt":"2011-09-27T08:53:03","guid":{"rendered":"https:\/\/www.minicity.it\/blog\/?p=1754"},"modified":"2011-09-27T08:53:57","modified_gmt":"2011-09-27T08:53:57","slug":"santarcangelo-di-romagna-fiera-di-san-michele","status":"publish","type":"post","link":"https:\/\/www.minicity.it\/blog\/2011\/09\/santarcangelo-di-romagna-fiera-di-san-michele\/","title":{"rendered":"Sant&#8217;Arcangelo di Romagna: arriva la Fiera di San Michele"},"content":{"rendered":"<p><strong><a href=\"https:\/\/www.minicity.it\/blog\/wp-content\/uploads\/2011\/09\/fiera-sanmichele.jpg\"><img loading=\"lazy\" decoding=\"async\" class=\"alignleft size-full wp-image-1755\" title=\"fiera-sanmichele\" src=\"https:\/\/www.minicity.it\/blog\/wp-content\/uploads\/2011\/09\/fiera-sanmichele.jpg\" alt=\"\" width=\"200\" height=\"169\" \/><\/a>Dal 29 settembre al 2 ottobre<\/strong> a <strong>Sant&#8217;Arcangelo di Romagna<\/strong> si terr\u00e0 la <strong>Fiera di San Michele<\/strong>, il tradizionale evento dedicato agli uccelli, agli animali in generale, e ai riti religiosi. Si tratta di un evento organizzato dal Comune e dall&#8217;associazione Blu Nautilus, con il Patrocinio della Provincia di Rimini.<!--more--><\/p>\n<p>Il tutto inizier\u00e0 il 29 settembre con la Festa di San Michele e con una veglia e un corteo per la citt\u00e0 in onore di Sant&#8217;Arcangelo: la messa si terr\u00e0 alle 18:00 e il corteo partir\u00e0 immediatamente dopo.<\/p>\n<p>San Michele \u00e8 il patrono della citt\u00e0 e i festeggiamenti coinvolgono le scuole con attivit\u00e0 soprattutto ludiche, come \u201cI zug di una Volta chi burdel\u201d, che si terr\u00e0 al Parco della Fiera il pomeriggio del 29 settembreNei giorni successivi verr\u00e0 poi allestita la fiera vera e propria, con stand di animali, artigianato locale e gastronomia romagnola.<br \/>\nIl due ottobre si terr\u00e0 anche il tradizionale mercato dell&#8217;Antiquariato, che quest\u2019anno si terr\u00e0 a Piazza Gramsci.<\/p>\n<p>Per chi invece aspetta con ansia l&#8217;Antica Fiera degli Uccelli, dovr\u00e0 presentarsi sabato primo ottobre. Si inizia la mattina con la \u201cGara di Canto per Uccelli da richiamo\u201d, che al sorgere del sole proporranno ai partecipanti un&#8217;esperienza unica. In mattinata si terr\u00e0 anche \u201cLa Corte degli Animali\u201d, la mostra mercato di animali e attrezzature agricole e da allevamento.<\/p>\n<p>A questo si aggiungeranno, sempre sul tema animale, delle mostre fotografiche e artistiche allestite nel Campo della Fiera: \u201cNidi degli Uccelli del Territorio\u201d, \u201cGli Animali Incantati\u201d e \u201cL\u2019Artigiano dei Nidi\u201d.<\/p>\n<p><strong>Per informazioni<\/strong> sulla Fiera di San Michele contattare l&#8217;associazione Blu Nautilus allo 0541 53294 o scrivendo a info@blunautilus.it.<\/p>\n","protected":false},"excerpt":{"rendered":"<p>Dal 29 settembre al 2 ottobre a Sant&rsquo;Arcangelo di Romagna si terr&agrave; la Fiera di San Michele, il tradizionale evento dedicato agli uccelli, agli animali in generale, e ai riti religiosi. Si tratta di un evento organizzato dal Comune e dall&rsquo;associazione Blu Nautilus, con il Patrocinio della Provincia di Rimini.<\/p>\n","protected":false},"author":7,"featured_media":0,"comment_status":"open","ping_status":"open","sticky":false,"template":"","format":"standard","meta":{"footnotes":""},"categories":[3],"tags":[33,46],"class_list":["post-1754","post","type-post","status-publish","format-standard","hentry","category-turismo","tag-eventi-riviera","tag-fiere-rimini"],"aioseo_notices":[],"_links":{"self":[{"href":"https:\/\/www.minicity.it\/blog\/wp-json\/wp\/v2\/posts\/1754","targetHints":{"allow":["GET"]}}],"collection":[{"href":"https:\/\/www.minicity.it\/blog\/wp-json\/wp\/v2\/posts"}],"about":[{"href":"https:\/\/www.minicity.it\/blog\/wp-json\/wp\/v2\/types\/post"}],"author":[{"embeddable":true,"href":"https:\/\/www.minicity.it\/blog\/wp-json\/wp\/v2\/users\/7"}],"replies":[{"embeddable":true,"href":"https:\/\/www.minicity.it\/blog\/wp-json\/wp\/v2\/comments?post=1754"}],"version-history":[{"count":0,"href":"https:\/\/www.minicity.it\/blog\/wp-json\/wp\/v2\/posts\/1754\/revisions"}],"wp:attachment":[{"href":"https:\/\/www.minicity.it\/blog\/wp-json\/wp\/v2\/media?parent=1754"}],"wp:term":[{"taxonomy":"category","embeddable":true,"href":"https:\/\/www.minicity.it\/blog\/wp-json\/wp\/v2\/categories?post=1754"},{"taxonomy":"post_tag","embeddable":true,"href":"https:\/\/www.minicity.it\/blog\/wp-json\/wp\/v2\/tags?post=1754"}],"curies":[{"name":"wp","href":"https:\/\/api.w.org\/{rel}","templated":true}]}}