{"id":1777,"date":"2011-09-27T11:15:06","date_gmt":"2011-09-27T11:15:06","guid":{"rendered":"https:\/\/www.minicity.it\/blog\/?p=1777"},"modified":"2011-09-27T12:37:57","modified_gmt":"2011-09-27T12:37:57","slug":"turismo-in-brasile-bloccati-gli-italiani","status":"publish","type":"post","link":"https:\/\/www.minicity.it\/blog\/2011\/09\/turismo-in-brasile-bloccati-gli-italiani\/","title":{"rendered":"Turismo in Brasile: bloccati gli italiani"},"content":{"rendered":"<p><a href=\"https:\/\/www.minicity.it\/blog\/wp-content\/uploads\/2011\/09\/turismobrasile.jpg\"><img loading=\"lazy\" decoding=\"async\" class=\"alignleft size-full wp-image-1778\" title=\"turismobrasile\" src=\"https:\/\/www.minicity.it\/blog\/wp-content\/uploads\/2011\/09\/turismobrasile.jpg\" alt=\"\" width=\"200\" height=\"157\" \/><\/a>Gli italiani sono gli unici turisti, in provenienza dall&#8217;Europa, a non poter restare in Brasile oltre tre mesi. Si tratta di una decisione che il Ministero degli Esteri di Brasilia ha preso nello scorso luglio e che riduce a 90 giorni, improrogabili, il permesso di residenza sul suolo brasiliano.<!--more--><\/p>\n<p>Fino al luglio scorso, come per tutti gli altri turisti in arrivo dall&#8217;Europa, il permesso di 90 giorni che veniva assegnato all&#8217;inizio poteva essere raddoppiato a 180 con una richiesta che veniva praticamente sempre accettata: si trattata di coloro che facevano lunghi viaggi alla scoperta del Paese o di chi ha famiglia oltre oceano.<\/p>\n<p>Oggi gli svizzeri, i francesi e gli spagnoli possono, ma gli italiani no. Infatti da pi\u00f9 parti si parla di \u201cnorma ad hoc\u201d. In molti si chiedono il perch\u00e9 di questa decisione e si vocifera che sia una rappresaglia per il Caso Battisti: Italia e Brasile sono stati a lungo in polemica per l&#8217;estradizione dell&#8217;ex terrorista. Va detto anche che sempre pi\u00f9 italiani entrano in Brasile come turisti, per poi fermarsi clandestinamente a lavorare in nero.<\/p>\n<p>Dal Brasile si risponde, invece, che si tratta di una questione di reciprocit\u00e0: i turisti brasiliani in visita in Italia non possono restare nel Paese pi\u00f9 di novanta giorni. Inoltre, fanno sapere da Brasilia, che la norma \u00e8 temporanea perch\u00e9 si sta studiando un modo di uniformarla a tutti i Paesi europei.<\/p>\n<p>Sul caso \u00e8 anche intervenuto il Ministro degli Esteri, Franco Frattini, che ha incontrato a Washington il suo omologo brasiliano, Antonio Patriota. I due si sono messi d&#8217;accordo per creare un team misto per esaminare la questione, ma l&#8217;Italia, fanno sapere, intende anche portare questo caso alla Corte di Giustizia dell&#8217;Aja.<\/p>\n","protected":false},"excerpt":{"rendered":"<p>Gli italiani sono gli unici turisti, in provenienza dall&rsquo;Europa, a non poter restare in Brasile oltre tre mesi. Si tratta di una decisione che il Ministero degli Esteri di Brasilia ha preso nello scorso luglio e che riduce a 90 giorni, improrogabili, il permesso di residenza sul suolo brasiliano.<\/p>\n","protected":false},"author":7,"featured_media":0,"comment_status":"open","ping_status":"open","sticky":false,"template":"","format":"standard","meta":{"footnotes":""},"categories":[3],"tags":[5],"class_list":["post-1777","post","type-post","status-publish","format-standard","hentry","category-turismo","tag-notizie"],"aioseo_notices":[],"_links":{"self":[{"href":"https:\/\/www.minicity.it\/blog\/wp-json\/wp\/v2\/posts\/1777","targetHints":{"allow":["GET"]}}],"collection":[{"href":"https:\/\/www.minicity.it\/blog\/wp-json\/wp\/v2\/posts"}],"about":[{"href":"https:\/\/www.minicity.it\/blog\/wp-json\/wp\/v2\/types\/post"}],"author":[{"embeddable":true,"href":"https:\/\/www.minicity.it\/blog\/wp-json\/wp\/v2\/users\/7"}],"replies":[{"embeddable":true,"href":"https:\/\/www.minicity.it\/blog\/wp-json\/wp\/v2\/comments?post=1777"}],"version-history":[{"count":0,"href":"https:\/\/www.minicity.it\/blog\/wp-json\/wp\/v2\/posts\/1777\/revisions"}],"wp:attachment":[{"href":"https:\/\/www.minicity.it\/blog\/wp-json\/wp\/v2\/media?parent=1777"}],"wp:term":[{"taxonomy":"category","embeddable":true,"href":"https:\/\/www.minicity.it\/blog\/wp-json\/wp\/v2\/categories?post=1777"},{"taxonomy":"post_tag","embeddable":true,"href":"https:\/\/www.minicity.it\/blog\/wp-json\/wp\/v2\/tags?post=1777"}],"curies":[{"name":"wp","href":"https:\/\/api.w.org\/{rel}","templated":true}]}}