{"id":1815,"date":"2011-09-28T12:14:45","date_gmt":"2011-09-28T12:14:45","guid":{"rendered":"https:\/\/www.minicity.it\/blog\/?p=1815"},"modified":"2011-09-28T12:14:45","modified_gmt":"2011-09-28T12:14:45","slug":"rimini-jazz-in-versione-autunnale","status":"publish","type":"post","link":"https:\/\/www.minicity.it\/blog\/2011\/09\/rimini-jazz-in-versione-autunnale\/","title":{"rendered":"Rimini Jazz in versione autunnale"},"content":{"rendered":"<p><strong><a href=\"https:\/\/www.minicity.it\/blog\/wp-content\/uploads\/2011\/09\/riminijazz.jpg\"><img loading=\"lazy\" decoding=\"async\" class=\"alignleft size-full wp-image-1816\" title=\"riminijazz\" src=\"https:\/\/www.minicity.it\/blog\/wp-content\/uploads\/2011\/09\/riminijazz.jpg\" alt=\"\" width=\"200\" height=\"150\" \/><\/a>Il 30 settembre<\/strong> prossimo torna <strong>Rimini Jazz<\/strong>, l&#8217;undicesima edizione dell&#8217;appuntamento riminese con lo swing. Quest&#8217;anno il festival durer\u00e0 fino a domenica 2 ottobre e non si tratter\u00e0 pi\u00f9, come per gli anni precedenti, di un festival all&#8217;aperto, ma per la prima volta tutti gli spettacoli si terranno nella splendida cornice del <strong>Teatro Novelli<\/strong>.<!--more--><\/p>\n<p>Infatti solitamente la manifestazione, che si teneva in Piazzale Fellini, era programmata a giugno. La scelta di farla a fine settembre \u00e8 un modo per tastare il polso della situazione: secondo l&#8217;assessore al Turismo Galli in questo modo sar\u00e0 possibile valutare quante persone vengono a Rimini per questa occasione e quanti riminesi la seguono. Per quanto riguarda gli organizzatori del Festival, costoro preferirebbero le date e la location classica perch\u00e9, sostengono, la manifestazione \u00e8 molto seguita dai turisti del nord Europa che arrivano a inizio estate; l&#8217;idea dell&#8217;amministrazione \u00e8 quella di destagionalizzare il turismo e creare eventi che portino a Rimini gente anche fuori dai mesi estivi. Punto, questo, sul quale si dicono d&#8217;accordo anche gli albergatori.<\/p>\n<p>Rimini Jazz \u00e8 una tra le pi\u00f9 importanti rassegne europee per quanto riguarda Jazz e Swing. Quest&#8217;anno tra gli ospiti ci sar\u00e0 la \u201cMilano Hot Jazz Orchestra\u201d, che si esibir\u00e0 venerd\u00ec 30 settembre; sabato sar\u00e0 la volta della \u201cRoman Dixieland Few Stars\u201d, diretta da Michele Pavese, mentre domenica sul palco ci sar\u00e0 la \u201cTrieste Early Jazz Orchestra\u201d che si dedicher\u00e0 a un percorso di rivisitazione dei grandi musical anni Venti. La manifestazione \u00e8 organizzata dall&#8217;associazione culturale \u201cRiminese Amici del Jazz\u201d, con la partecipazione dell&#8217;assessorato alla Cultura dell&#8217;Emilia-Romagna.<\/p>\n","protected":false},"excerpt":{"rendered":"<p>Il 30 settembre prossimo torna Rimini Jazz, l&rsquo;undicesima edizione dell&rsquo;appuntamento riminese con lo swing. Quest&rsquo;anno il festival durer&agrave; fino a domenica 2 ottobre e non si tratter&agrave; pi&ugrave;, come per gli anni precedenti, di un festival all&rsquo;aperto, ma per la prima volta tutti gli spettacoli si terranno nella splendida cornice del Teatro Novelli.<\/p>\n","protected":false},"author":6,"featured_media":0,"comment_status":"open","ping_status":"open","sticky":false,"template":"","format":"standard","meta":{"footnotes":""},"categories":[3],"tags":[39,33,10],"class_list":["post-1815","post","type-post","status-publish","format-standard","hentry","category-turismo","tag-concerti","tag-eventi-riviera","tag-rimini"],"aioseo_notices":[],"_links":{"self":[{"href":"https:\/\/www.minicity.it\/blog\/wp-json\/wp\/v2\/posts\/1815","targetHints":{"allow":["GET"]}}],"collection":[{"href":"https:\/\/www.minicity.it\/blog\/wp-json\/wp\/v2\/posts"}],"about":[{"href":"https:\/\/www.minicity.it\/blog\/wp-json\/wp\/v2\/types\/post"}],"author":[{"embeddable":true,"href":"https:\/\/www.minicity.it\/blog\/wp-json\/wp\/v2\/users\/6"}],"replies":[{"embeddable":true,"href":"https:\/\/www.minicity.it\/blog\/wp-json\/wp\/v2\/comments?post=1815"}],"version-history":[{"count":0,"href":"https:\/\/www.minicity.it\/blog\/wp-json\/wp\/v2\/posts\/1815\/revisions"}],"wp:attachment":[{"href":"https:\/\/www.minicity.it\/blog\/wp-json\/wp\/v2\/media?parent=1815"}],"wp:term":[{"taxonomy":"category","embeddable":true,"href":"https:\/\/www.minicity.it\/blog\/wp-json\/wp\/v2\/categories?post=1815"},{"taxonomy":"post_tag","embeddable":true,"href":"https:\/\/www.minicity.it\/blog\/wp-json\/wp\/v2\/tags?post=1815"}],"curies":[{"name":"wp","href":"https:\/\/api.w.org\/{rel}","templated":true}]}}