{"id":1820,"date":"2011-09-28T12:43:28","date_gmt":"2011-09-28T12:43:28","guid":{"rendered":"https:\/\/www.minicity.it\/blog\/?p=1820"},"modified":"2011-09-28T12:43:28","modified_gmt":"2011-09-28T12:43:28","slug":"riccione-promozione-turistica-programma-2012","status":"publish","type":"post","link":"https:\/\/www.minicity.it\/blog\/2011\/09\/riccione-promozione-turistica-programma-2012\/","title":{"rendered":"Riccione: promozione turistica per il 2011-2012"},"content":{"rendered":"<p><a href=\"https:\/\/www.minicity.it\/blog\/wp-content\/uploads\/2011\/06\/spiaggiariccione.jpg\"><img loading=\"lazy\" decoding=\"async\" class=\"alignleft size-full wp-image-1111\" title=\"spiaggiariccione\" src=\"https:\/\/www.minicity.it\/blog\/wp-content\/uploads\/2011\/06\/spiaggiariccione.jpg\" alt=\"\" width=\"200\" height=\"140\" \/><\/a>Finalmente \u00e8 stato presentato il <strong>programma di promozione turistica<\/strong> della Perla Verde per la stagione a venire, autunno 2011 e primavera 2012. Si tratta di un&#8217;azione congiunta che metter\u00e0 insieme il lavoro dell&#8217;amministrazione comunale di Riccione e dei privati (strutture ricettive, pubblici esercizi, ecc&#8230;). Il programma<!--more--> \u00e8 stato presentato luned\u00ec 26 settembre alla Sala giunta del comune di Riccione e coinvolte il comune stesso, l&#8217;Associazione degli Albergatori e il Club di Prodotto, il portale dei consorzi turistici.<\/p>\n<p>Riccione, come molte altre localit\u00e0 della riviera romagnola, sta cercando di puntare in maniera pi\u00f9 decisa anche a de-stagionalizzare il turismo, cio\u00e9 a creare eventi e progetti che portino persone in Riviera anche al di fuori dell&#8217;estate. Per questo si punta su tutti i settori che possono attirare attivit\u00e0 e persone.<\/p>\n<p><strong>Cosa prevede l&#8217;accordo di promozione dunque?<\/strong> Prima di tutto la realizzazione di un catalogo unico, che abbia come marchio \u201cRiccione\u201d, e che serva da volano per andare incontro insieme alla prossima stagione turistica: si sta pensando a un progetto nazionale\/internazionale, \u201cRiccione Square\u201d, che porti su alcune piazze del Paese \u2013 si parla della Lombardia \u2013 e estere \u2013 si parla di Berlino e Monaco di Baviera \u2013 il marchio e l&#8217;offerta della Perla Verde. Altra idea: la creazione di una piattaforma on line che metta insieme tutti i contenuti che hanno a che fare con Riccione: informativi, promozionali, eventi, offerte e tutto quello che riguarda la programmazione di quello che succede in citt\u00e0 e nei dintorni. A questo ovviamente va aggiunta la promozione sui social network, Facebook e Twitter in primis.<\/p>\n<p><strong>Chi paga?<\/strong> Tutti i soggetti coinvolti contribuiranno al progetto. L&#8217;amministrazione comunale metter\u00e0 60 mila euro, che \u00e8 circa la cifra che ha investito lo scorso anno, mentre i soggetti privati coinvolti metteranno 10 mila euro ciascuno. Il tutto verr\u00e0 finalizzato entro il prossimo 30 settembre.<\/p>\n","protected":false},"excerpt":{"rendered":"<p>Finalmente &egrave; stato presentato il programma di promozione turistica della Perla Verde per la stagione a venire, autunno 2011 e primavera 2012. Si tratta di un&rsquo;azione congiunta che metter&agrave; insieme il lavoro dell&rsquo;amministrazione comunale di Riccione e dei privati (strutture ricettive, pubblici esercizi, ecc&hellip;). Il programma<\/p>\n","protected":false},"author":7,"featured_media":0,"comment_status":"open","ping_status":"open","sticky":false,"template":"","format":"standard","meta":{"footnotes":""},"categories":[3],"tags":[5,34,44],"class_list":["post-1820","post","type-post","status-publish","format-standard","hentry","category-turismo","tag-notizie","tag-riccione","tag-statistiche"],"aioseo_notices":[],"_links":{"self":[{"href":"https:\/\/www.minicity.it\/blog\/wp-json\/wp\/v2\/posts\/1820","targetHints":{"allow":["GET"]}}],"collection":[{"href":"https:\/\/www.minicity.it\/blog\/wp-json\/wp\/v2\/posts"}],"about":[{"href":"https:\/\/www.minicity.it\/blog\/wp-json\/wp\/v2\/types\/post"}],"author":[{"embeddable":true,"href":"https:\/\/www.minicity.it\/blog\/wp-json\/wp\/v2\/users\/7"}],"replies":[{"embeddable":true,"href":"https:\/\/www.minicity.it\/blog\/wp-json\/wp\/v2\/comments?post=1820"}],"version-history":[{"count":0,"href":"https:\/\/www.minicity.it\/blog\/wp-json\/wp\/v2\/posts\/1820\/revisions"}],"wp:attachment":[{"href":"https:\/\/www.minicity.it\/blog\/wp-json\/wp\/v2\/media?parent=1820"}],"wp:term":[{"taxonomy":"category","embeddable":true,"href":"https:\/\/www.minicity.it\/blog\/wp-json\/wp\/v2\/categories?post=1820"},{"taxonomy":"post_tag","embeddable":true,"href":"https:\/\/www.minicity.it\/blog\/wp-json\/wp\/v2\/tags?post=1820"}],"curies":[{"name":"wp","href":"https:\/\/api.w.org\/{rel}","templated":true}]}}